{"id":2017,"date":"2024-04-27T22:52:06","date_gmt":"2024-04-28T01:52:06","guid":{"rendered":"https:\/\/vecinosdelinterior.com\/?p=2017"},"modified":"2024-04-27T22:52:07","modified_gmt":"2024-04-28T01:52:07","slug":"la-toma-detuvieron-a-una-persona-con-una-carabina-en-su-poder","status":"publish","type":"post","link":"https:\/\/vecinosdelinterior.com\/index.php\/2024\/04\/27\/la-toma-detuvieron-a-una-persona-con-una-carabina-en-su-poder\/","title":{"rendered":"La Toma: detuvieron a una persona con una carabina en su poder"},"content":{"rendered":"\n<p>En las \u00faltimas horas, efectivos policiales del Departamento de Investigaciones San Luis realizaron un procedimiento en La Toma, donde detuvieron a un hombre que ten\u00eda un arma de fuego en su poder.<br>Fue el resultado de diversas tareas investigativas donde se estableci\u00f3 que un veh\u00edculo Volkswagen Gol con un ocupante ofrec\u00eda armas de fuego de distintos calibres para la venta.<br>En inmediaciones de ruta provincial N\u00b0 20 y avenida Centenario de dicha localidad, se intercept\u00f3 dicho veh\u00edculo y se identific\u00f3 al conductor, de 50 a\u00f1os de edad.<br>En el momento de la requisa vehicular los polic\u00edas detallaron que se secuestr\u00f3 un arma de fuego calibre 22 Mahely.<br>El demorado fue trasladado a la Comisar\u00eda Distrito 16\u00b0 de La Toma<br>Interviene la Fiscal\u00eda de Instrucci\u00f3n N\u00b0 1 de la Primera Circunscripci\u00f3n Judicial, a cargo del Dr. Francisco Assat, en el marco de una causa caratulada preventivamente como \u201cAveriguaci\u00f3n tenencia y portaci\u00f3n Ilegal de arma de fuego de uso civil\u201d.<\/p>\n\n\n\n<figure class=\"wp-block-gallery has-nested-images columns-default is-cropped wp-block-gallery-1 is-layout-flex wp-block-gallery-is-layout-flex\">\n<figure class=\"wp-block-image size-large\"><img fetchpriority=\"high\" decoding=\"async\" width=\"1024\" height=\"581\" data-id=\"2020\" src=\"https:\/\/vecinosdelinterior.com\/wp-content\/uploads\/2024\/04\/WhatsApp-Image-2024-04-27-at-9.44.55-PM-1024x581.jpeg\" alt=\"\" class=\"wp-image-2020\" srcset=\"https:\/\/vecinosdelinterior.com\/wp-content\/uploads\/2024\/04\/WhatsApp-Image-2024-04-27-at-9.44.55-PM-1024x581.jpeg 1024w, https:\/\/vecinosdelinterior.com\/wp-content\/uploads\/2024\/04\/WhatsApp-Image-2024-04-27-at-9.44.55-PM-300x170.jpeg 300w, https:\/\/vecinosdelinterior.com\/wp-content\/uploads\/2024\/04\/WhatsApp-Image-2024-04-27-at-9.44.55-PM-768x436.jpeg 768w, https:\/\/vecinosdelinterior.com\/wp-content\/uploads\/2024\/04\/WhatsApp-Image-2024-04-27-at-9.44.55-PM-750x426.jpeg 750w, https:\/\/vecinosdelinterior.com\/wp-content\/uploads\/2024\/04\/WhatsApp-Image-2024-04-27-at-9.44.55-PM-1140x647.jpeg 1140w, https:\/\/vecinosdelinterior.com\/wp-content\/uploads\/2024\/04\/WhatsApp-Image-2024-04-27-at-9.44.55-PM.jpeg 1187w\" sizes=\"(max-width: 1024px) 100vw, 1024px\" \/><\/figure>\n\n\n\n<figure class=\"wp-block-image size-large\"><img decoding=\"async\" width=\"829\" height=\"417\" data-id=\"2018\" src=\"https:\/\/vecinosdelinterior.com\/wp-content\/uploads\/2024\/04\/WhatsApp-Image-2024-04-27-at-9.44.54-PM-1.jpeg\" alt=\"\" class=\"wp-image-2018\" srcset=\"https:\/\/vecinosdelinterior.com\/wp-content\/uploads\/2024\/04\/WhatsApp-Image-2024-04-27-at-9.44.54-PM-1.jpeg 829w, https:\/\/vecinosdelinterior.com\/wp-content\/uploads\/2024\/04\/WhatsApp-Image-2024-04-27-at-9.44.54-PM-1-300x151.jpeg 300w, https:\/\/vecinosdelinterior.com\/wp-content\/uploads\/2024\/04\/WhatsApp-Image-2024-04-27-at-9.44.54-PM-1-768x386.jpeg 768w, https:\/\/vecinosdelinterior.com\/wp-content\/uploads\/2024\/04\/WhatsApp-Image-2024-04-27-at-9.44.54-PM-1-360x180.jpeg 360w, https:\/\/vecinosdelinterior.com\/wp-content\/uploads\/2024\/04\/WhatsApp-Image-2024-04-27-at-9.44.54-PM-1-750x377.jpeg 750w\" sizes=\"(max-width: 829px) 100vw, 829px\" \/><\/figure>\n\n\n\n<figure class=\"wp-block-image size-large\"><img decoding=\"async\" width=\"899\" height=\"675\" data-id=\"2019\" src=\"https:\/\/vecinosdelinterior.com\/wp-content\/uploads\/2024\/04\/WhatsApp-Image-2024-04-27-at-9.44.54-PM.jpeg\" alt=\"\" class=\"wp-image-2019\" srcset=\"https:\/\/vecinosdelinterior.com\/wp-content\/uploads\/2024\/04\/WhatsApp-Image-2024-04-27-at-9.44.54-PM.jpeg 899w, https:\/\/vecinosdelinterior.com\/wp-content\/uploads\/2024\/04\/WhatsApp-Image-2024-04-27-at-9.44.54-PM-300x225.jpeg 300w, https:\/\/vecinosdelinterior.com\/wp-content\/uploads\/2024\/04\/WhatsApp-Image-2024-04-27-at-9.44.54-PM-768x577.jpeg 768w, https:\/\/vecinosdelinterior.com\/wp-content\/uploads\/2024\/04\/WhatsApp-Image-2024-04-27-at-9.44.54-PM-750x563.jpeg 750w\" sizes=\"(max-width: 899px) 100vw, 899px\" \/><\/figure>\n<\/figure>\n","protected":false},"excerpt":{"rendered":"<p>En las \u00faltimas horas, efectivos policiales del Departamento de Investigaciones San Luis realizaron un procedimiento en La Toma, donde detuvieron a un hombre que ten\u00eda un arma de fuego en su poder.Fue el resultado de diversas tareas investigativas donde se estableci\u00f3 que un veh\u00edculo Volkswagen Gol con un ocupante ofrec\u00eda armas de fuego de distintos [&hellip;]<\/p>\n","protected":false},"author":1,"featured_media":2019,"comment_status":"open","ping_status":"open","sticky":false,"template":"","format":"standard","meta":{"footnotes":""},"categories":[3,2],"tags":[],"class_list":["post-2017","post","type-post","status-publish","format-standard","has-post-thumbnail","hentry","category-la-toma","category-pringles"],"_links":{"self":[{"href":"https:\/\/vecinosdelinterior.com\/index.php\/wp-json\/wp\/v2\/posts\/2017","targetHints":{"allow":["GET"]}}],"collection":[{"href":"https:\/\/vecinosdelinterior.com\/index.php\/wp-json\/wp\/v2\/posts"}],"about":[{"href":"https:\/\/vecinosdelinterior.com\/index.php\/wp-json\/wp\/v2\/types\/post"}],"author":[{"embeddable":true,"href":"https:\/\/vecinosdelinterior.com\/index.php\/wp-json\/wp\/v2\/users\/1"}],"replies":[{"embeddable":true,"href":"https:\/\/vecinosdelinterior.com\/index.php\/wp-json\/wp\/v2\/comments?post=2017"}],"version-history":[{"count":1,"href":"https:\/\/vecinosdelinterior.com\/index.php\/wp-json\/wp\/v2\/posts\/2017\/revisions"}],"predecessor-version":[{"id":2021,"href":"https:\/\/vecinosdelinterior.com\/index.php\/wp-json\/wp\/v2\/posts\/2017\/revisions\/2021"}],"wp:featuredmedia":[{"embeddable":true,"href":"https:\/\/vecinosdelinterior.com\/index.php\/wp-json\/wp\/v2\/media\/2019"}],"wp:attachment":[{"href":"https:\/\/vecinosdelinterior.com\/index.php\/wp-json\/wp\/v2\/media?parent=2017"}],"wp:term":[{"taxonomy":"category","embeddable":true,"href":"https:\/\/vecinosdelinterior.com\/index.php\/wp-json\/wp\/v2\/categories?post=2017"},{"taxonomy":"post_tag","embeddable":true,"href":"https:\/\/vecinosdelinterior.com\/index.php\/wp-json\/wp\/v2\/tags?post=2017"}],"curies":[{"name":"wp","href":"https:\/\/api.w.org\/{rel}","templated":true}]}}