{"id":2026,"date":"2024-04-27T00:54:00","date_gmt":"2024-04-27T03:54:00","guid":{"rendered":"https:\/\/vecinosdelinterior.com\/?p=2026"},"modified":"2024-04-27T22:56:44","modified_gmt":"2024-04-28T01:56:44","slug":"renca-festejara-260-anos-de-fe-en-el-cristo-con-una-pena-misa-y-procesion","status":"publish","type":"post","link":"https:\/\/vecinosdelinterior.com\/index.php\/2024\/04\/27\/renca-festejara-260-anos-de-fe-en-el-cristo-con-una-pena-misa-y-procesion\/","title":{"rendered":"Renca festejar\u00e1 260 a\u00f1os de fe en el Cristo con una pe\u00f1a, misa y procesi\u00f3n"},"content":{"rendered":"\n<p>Ya est\u00e1n preparados los dispositivos de seguridad, salud y transporte para acompa\u00f1ar a los miles de fieles que, como cada a\u00f1o, van a cumplir promesas, orar y pedir gracias.<br>Con el trabajo articulado del Municipio, el Gobierno Provincial y la Iglesia Cat\u00f3lica, Renca ya se prepara para la gran celebraci\u00f3n del Santo Cristo. Este mi\u00e9rcoles 24 inici\u00f3 la novena, que se extender\u00e1 hasta el 2 de mayo. Vecinos y fieles que visiten la localidad esperar\u00e1n el 3 de mayo con una pe\u00f1a en la que actuar\u00e1n artistas provinciales. Y, durante la jornada central, monse\u00f1or Gabriel Barba encabezar\u00e1 la misa y la siempre multitudinaria procesi\u00f3n.<br>Desde el 24 de abril al 2 de mayo, los fieles podr\u00e1n rezar el rosario a las 19:45 y seguidamente, a las 20:30, participar de la misa y novena. Cada d\u00eda, las oraciones y el pedido de bendiciones tendr\u00e1n intenciones distintas.<br>Las actividades lit\u00fargicas se intensificar\u00e1n los d\u00edas el 1\u00b0 y 2 de mayo. El D\u00eda del Trabajador habr\u00e1 misas a las 8:00, a las 10:00, al mediod\u00eda, a las 16:00 y a las 18:00, aparte del rezo del rosario a las 19:45 y la misa y novena a las 20:30. El 2 de mayo, habr\u00e1 misas a las 8:00, a las 10:00 y a las 18:00, y una procesi\u00f3n de antorchas por la noche, y se podr\u00e1 rezar el rosario, asistir a misa y a la novena en el horario habitual, a las 20:30. El 3 de mayo, adem\u00e1s de la misa central y de la procesi\u00f3n, habr\u00e1 otras misas a las 8:00, a las 16:30, a las 18:30 y a las 20:30.<br>Por otro lado, el Municipio organiza para el 2 de mayo una pe\u00f1a en el atrio de la iglesia, en la v\u00edspera del 3. El evento arrancar\u00e1 a las 22:30 y en \u00e9l presentar\u00e1n un video con fotos antiguas que retratan la festividad a lo largo de los a\u00f1os. Actuar\u00e1n La Cautana y las 100 Guitarras Mercedinas, confirm\u00f3 la intendenta de la localidad, Romina Peralta.<br>Al respecto del dispositivo de seguridad, la Polic\u00eda montar\u00e1 puestos de control vehicular, realizar\u00e1 test de alcoholemia y habr\u00e1 agentes patrullando la localidad. El operativo empezar\u00e1 el 29 de abril a las 07:00 y se extender\u00e1 hasta el 6 de mayo a las 08:00. Los retenes estar\u00e1n ubicados a la salida de la localidad de Tilisarao, a la altura del Aut\u00f3dromo, en La Aspereza, en el arco antes de llegar a Renca, en la rotonda de la localidad y pasando el puente sobre la ruta 40.<br>Sobre el operativo sanitario, iniciar\u00e1 el 30. El centro de salud estar\u00e1 abierto las 24 horas, con m\u00e9dicos y enfermeros de guardia. Habr\u00e1 ambulancias all\u00ed y al costado de la iglesia, principalmente para los promesantes que van a pie o en caballo. Tambi\u00e9n habr\u00e1 un cami\u00f3n sanitario en el sector comercial. Y a partir del 1\u00b0 de mayo habr\u00e1 una ambulancia que recorrer\u00e1 el trayecto entre Tilisarao y Renca.<br>En cuanto al transporte, el operativo de la secretar\u00eda de Transporte buscar\u00e1 reforzar las frecuencias de \u00f3mnibus que llegan hasta el pueblo. Habr\u00e1 servicios especiales que partir\u00e1n desde Villa Mercedes ($6.000), Merlo ($3.500), La Toma ($3.000) y Tilisarao ($1.000).<br>Este a\u00f1o, la Municipalidad habilit\u00f3 250 puestos para productores, emprendedores y artesanos, y dos cuadras estar\u00e1n destinadas de modo exclusivo a los stands gastron\u00f3micos. Las comidas son los productos que tienen m\u00e1s salida. El Municipio, adem\u00e1s, ha establecido horarios de cierre. Dado que la novena termina todas las noches a las 21:30, los puestos comerciales estar\u00e1n abiertos hasta las 23:00, para darle tranquilidad a los visitantes y tambi\u00e9n para que los polic\u00edas puedan descansar, ya que est\u00e1n abocados a la seguridad durante varios d\u00edas. Solo los stands de venta de comida atender\u00e1n hasta las 00:00.<\/p>\n\n\n\n<figure class=\"wp-block-gallery has-nested-images columns-default is-cropped wp-block-gallery-1 is-layout-flex wp-block-gallery-is-layout-flex\">\n<figure class=\"wp-block-image size-large\"><img fetchpriority=\"high\" decoding=\"async\" width=\"1024\" height=\"681\" data-id=\"2028\" src=\"https:\/\/vecinosdelinterior.com\/wp-content\/uploads\/2024\/04\/440768792_292946037189423_1243669496669754863_n-1024x681.jpg\" alt=\"\" class=\"wp-image-2028\" srcset=\"https:\/\/vecinosdelinterior.com\/wp-content\/uploads\/2024\/04\/440768792_292946037189423_1243669496669754863_n-1024x681.jpg 1024w, https:\/\/vecinosdelinterior.com\/wp-content\/uploads\/2024\/04\/440768792_292946037189423_1243669496669754863_n-300x200.jpg 300w, https:\/\/vecinosdelinterior.com\/wp-content\/uploads\/2024\/04\/440768792_292946037189423_1243669496669754863_n-768x511.jpg 768w, https:\/\/vecinosdelinterior.com\/wp-content\/uploads\/2024\/04\/440768792_292946037189423_1243669496669754863_n-1536x1022.jpg 1536w, https:\/\/vecinosdelinterior.com\/wp-content\/uploads\/2024\/04\/440768792_292946037189423_1243669496669754863_n-750x499.jpg 750w, https:\/\/vecinosdelinterior.com\/wp-content\/uploads\/2024\/04\/440768792_292946037189423_1243669496669754863_n-1140x758.jpg 1140w, https:\/\/vecinosdelinterior.com\/wp-content\/uploads\/2024\/04\/440768792_292946037189423_1243669496669754863_n.jpg 1980w\" sizes=\"(max-width: 1024px) 100vw, 1024px\" \/><\/figure>\n\n\n\n<figure class=\"wp-block-image size-large\"><img decoding=\"async\" width=\"1024\" height=\"681\" data-id=\"2029\" src=\"https:\/\/vecinosdelinterior.com\/wp-content\/uploads\/2024\/04\/440388240_292946060522754_5767016733104032242_n-1024x681.jpg\" alt=\"\" class=\"wp-image-2029\" srcset=\"https:\/\/vecinosdelinterior.com\/wp-content\/uploads\/2024\/04\/440388240_292946060522754_5767016733104032242_n-1024x681.jpg 1024w, https:\/\/vecinosdelinterior.com\/wp-content\/uploads\/2024\/04\/440388240_292946060522754_5767016733104032242_n-300x200.jpg 300w, https:\/\/vecinosdelinterior.com\/wp-content\/uploads\/2024\/04\/440388240_292946060522754_5767016733104032242_n-768x511.jpg 768w, https:\/\/vecinosdelinterior.com\/wp-content\/uploads\/2024\/04\/440388240_292946060522754_5767016733104032242_n-1536x1022.jpg 1536w, https:\/\/vecinosdelinterior.com\/wp-content\/uploads\/2024\/04\/440388240_292946060522754_5767016733104032242_n-750x499.jpg 750w, https:\/\/vecinosdelinterior.com\/wp-content\/uploads\/2024\/04\/440388240_292946060522754_5767016733104032242_n-1140x758.jpg 1140w, https:\/\/vecinosdelinterior.com\/wp-content\/uploads\/2024\/04\/440388240_292946060522754_5767016733104032242_n.jpg 1980w\" sizes=\"(max-width: 1024px) 100vw, 1024px\" \/><\/figure>\n\n\n\n<figure class=\"wp-block-image size-large\"><img decoding=\"async\" width=\"593\" height=\"395\" data-id=\"2027\" src=\"https:\/\/vecinosdelinterior.com\/wp-content\/uploads\/2024\/04\/440106495_292946033856090_1885044098859178229_n.jpg\" alt=\"\" class=\"wp-image-2027\" srcset=\"https:\/\/vecinosdelinterior.com\/wp-content\/uploads\/2024\/04\/440106495_292946033856090_1885044098859178229_n.jpg 593w, https:\/\/vecinosdelinterior.com\/wp-content\/uploads\/2024\/04\/440106495_292946033856090_1885044098859178229_n-300x200.jpg 300w\" sizes=\"(max-width: 593px) 100vw, 593px\" \/><\/figure>\n<\/figure>\n","protected":false},"excerpt":{"rendered":"<p>Ya est\u00e1n preparados los dispositivos de seguridad, salud y transporte para acompa\u00f1ar a los miles de fieles que, como cada a\u00f1o, van a cumplir promesas, orar y pedir gracias.Con el trabajo articulado del Municipio, el Gobierno Provincial y la Iglesia Cat\u00f3lica, Renca ya se prepara para la gran celebraci\u00f3n del Santo Cristo. Este mi\u00e9rcoles 24 [&hellip;]<\/p>\n","protected":false},"author":1,"featured_media":2027,"comment_status":"open","ping_status":"open","sticky":false,"template":"","format":"standard","meta":{"footnotes":""},"categories":[29,220],"tags":[],"class_list":["post-2026","post","type-post","status-publish","format-standard","has-post-thumbnail","hentry","category-chacabuco","category-renca"],"_links":{"self":[{"href":"https:\/\/vecinosdelinterior.com\/index.php\/wp-json\/wp\/v2\/posts\/2026","targetHints":{"allow":["GET"]}}],"collection":[{"href":"https:\/\/vecinosdelinterior.com\/index.php\/wp-json\/wp\/v2\/posts"}],"about":[{"href":"https:\/\/vecinosdelinterior.com\/index.php\/wp-json\/wp\/v2\/types\/post"}],"author":[{"embeddable":true,"href":"https:\/\/vecinosdelinterior.com\/index.php\/wp-json\/wp\/v2\/users\/1"}],"replies":[{"embeddable":true,"href":"https:\/\/vecinosdelinterior.com\/index.php\/wp-json\/wp\/v2\/comments?post=2026"}],"version-history":[{"count":1,"href":"https:\/\/vecinosdelinterior.com\/index.php\/wp-json\/wp\/v2\/posts\/2026\/revisions"}],"predecessor-version":[{"id":2030,"href":"https:\/\/vecinosdelinterior.com\/index.php\/wp-json\/wp\/v2\/posts\/2026\/revisions\/2030"}],"wp:featuredmedia":[{"embeddable":true,"href":"https:\/\/vecinosdelinterior.com\/index.php\/wp-json\/wp\/v2\/media\/2027"}],"wp:attachment":[{"href":"https:\/\/vecinosdelinterior.com\/index.php\/wp-json\/wp\/v2\/media?parent=2026"}],"wp:term":[{"taxonomy":"category","embeddable":true,"href":"https:\/\/vecinosdelinterior.com\/index.php\/wp-json\/wp\/v2\/categories?post=2026"},{"taxonomy":"post_tag","embeddable":true,"href":"https:\/\/vecinosdelinterior.com\/index.php\/wp-json\/wp\/v2\/tags?post=2026"}],"curies":[{"name":"wp","href":"https:\/\/api.w.org\/{rel}","templated":true}]}}