{"id":2046,"date":"2024-05-04T12:45:51","date_gmt":"2024-05-04T15:45:51","guid":{"rendered":"https:\/\/vecinosdelinterior.com\/?p=2046"},"modified":"2024-05-04T12:45:52","modified_gmt":"2024-05-04T15:45:52","slug":"renca-cerro-su-fiesta-patronal-con-30-mil-personas","status":"publish","type":"post","link":"https:\/\/vecinosdelinterior.com\/index.php\/2024\/05\/04\/renca-cerro-su-fiesta-patronal-con-30-mil-personas\/","title":{"rendered":"Renca cerr\u00f3 su Fiesta Patronal con 30 mil personas"},"content":{"rendered":"\n<p><\/p>\n\n\n\n<p>La cifra surge del relevamiento que a\u00f1o a a\u00f1o realiza personal de la Polic\u00eda de San Luis en el ingreso a la localidad. Miles de personas fueron parte de la \u00faltima jornada en la que se desarroll\u00f3 la tradicional misa y procesi\u00f3n que cont\u00f3 en esta oportunidad, no solo con la presencia del gobernador Claudio Poggi, sino tambi\u00e9n la participaci\u00f3n de la Vicepresidenta de la Naci\u00f3n, marcando un hecho sin precedente en la festividad.<\/p>\n\n\n\n<p>Desde muy temprano de este viernes 3 de mayo, autos particulares, transporte p\u00fablico, motos, bicicletas y promesantes llegaron de distintos puntos de la provincia a la localidad de Renca, lugar donde se realizar\u00eda la Festividad del Cristo.<\/p>\n\n\n\n<p>Sobre la concurrencia total del \u00faltimo d\u00eda, la Polic\u00eda comunic\u00f3 los n\u00fameros que arroj\u00f3 el operativo de seguridad para este viernes, el cual detalla que fueron 30.060 personas quienes visitaron Renca.<\/p>\n\n\n\n<figure class=\"wp-block-gallery has-nested-images columns-default is-cropped wp-block-gallery-1 is-layout-flex wp-block-gallery-is-layout-flex\">\n<figure class=\"wp-block-image size-large\"><img fetchpriority=\"high\" decoding=\"async\" width=\"1024\" height=\"576\" data-id=\"2048\" src=\"https:\/\/vecinosdelinterior.com\/wp-content\/uploads\/2024\/05\/20220503_113033-1-scaled-1-1024x576.jpg\" alt=\"\" class=\"wp-image-2048\" srcset=\"https:\/\/vecinosdelinterior.com\/wp-content\/uploads\/2024\/05\/20220503_113033-1-scaled-1-1024x576.jpg 1024w, https:\/\/vecinosdelinterior.com\/wp-content\/uploads\/2024\/05\/20220503_113033-1-scaled-1-300x169.jpg 300w, https:\/\/vecinosdelinterior.com\/wp-content\/uploads\/2024\/05\/20220503_113033-1-scaled-1-768x432.jpg 768w, https:\/\/vecinosdelinterior.com\/wp-content\/uploads\/2024\/05\/20220503_113033-1-scaled-1-1536x864.jpg 1536w, https:\/\/vecinosdelinterior.com\/wp-content\/uploads\/2024\/05\/20220503_113033-1-scaled-1-2048x1152.jpg 2048w, https:\/\/vecinosdelinterior.com\/wp-content\/uploads\/2024\/05\/20220503_113033-1-scaled-1-750x422.jpg 750w, https:\/\/vecinosdelinterior.com\/wp-content\/uploads\/2024\/05\/20220503_113033-1-scaled-1-1140x641.jpg 1140w\" sizes=\"(max-width: 1024px) 100vw, 1024px\" \/><\/figure>\n\n\n\n<figure class=\"wp-block-image size-large\"><img decoding=\"async\" width=\"1024\" height=\"682\" data-id=\"2047\" src=\"https:\/\/vecinosdelinterior.com\/wp-content\/uploads\/2024\/05\/4d40e246-deac-4a92-b464-e0afa722310f-1024x682.jpg\" alt=\"\" class=\"wp-image-2047\" srcset=\"https:\/\/vecinosdelinterior.com\/wp-content\/uploads\/2024\/05\/4d40e246-deac-4a92-b464-e0afa722310f-1024x682.jpg 1024w, https:\/\/vecinosdelinterior.com\/wp-content\/uploads\/2024\/05\/4d40e246-deac-4a92-b464-e0afa722310f-300x200.jpg 300w, https:\/\/vecinosdelinterior.com\/wp-content\/uploads\/2024\/05\/4d40e246-deac-4a92-b464-e0afa722310f-768x512.jpg 768w, https:\/\/vecinosdelinterior.com\/wp-content\/uploads\/2024\/05\/4d40e246-deac-4a92-b464-e0afa722310f-750x500.jpg 750w, https:\/\/vecinosdelinterior.com\/wp-content\/uploads\/2024\/05\/4d40e246-deac-4a92-b464-e0afa722310f-1140x760.jpg 1140w, https:\/\/vecinosdelinterior.com\/wp-content\/uploads\/2024\/05\/4d40e246-deac-4a92-b464-e0afa722310f.jpg 1280w\" sizes=\"(max-width: 1024px) 100vw, 1024px\" \/><\/figure>\n<\/figure>\n\n\n\n<p>Detalle del Operativo:<\/p>\n\n\n\n<p>Autos\/: 3.590-<br>Ocupantes: 17.950.-<br>Trafic: 75.-<br>Ocupantes: 1.500<br>Colectivos: 124.-<br>Pasajeros: 7.440.-<br>Motos: 280.-<br>Ocupantes: 560<br>Bicicletas: 60.-<br>Peregrinos: 2.550.-<br>Pruebas Alcoholemia: 50.<br>Actas Alcoholemia Positiva: 02.-<br>Actas por otro Motivo: 03 seg\u00fan Ley X-0630-2008<\/p>\n","protected":false},"excerpt":{"rendered":"<p>La cifra surge del relevamiento que a\u00f1o a a\u00f1o realiza personal de la Polic\u00eda de San Luis en el ingreso a la localidad. Miles de personas fueron parte de la \u00faltima jornada en la que se desarroll\u00f3 la tradicional misa y procesi\u00f3n que cont\u00f3 en esta oportunidad, no solo con la presencia del gobernador Claudio [&hellip;]<\/p>\n","protected":false},"author":1,"featured_media":2048,"comment_status":"open","ping_status":"open","sticky":false,"template":"","format":"standard","meta":{"footnotes":""},"categories":[29,220],"tags":[391,175,386],"class_list":["post-2046","post","type-post","status-publish","format-standard","has-post-thumbnail","hentry","category-chacabuco","category-renca","tag-eventos","tag-turismo","tag-turismo-religioso"],"_links":{"self":[{"href":"https:\/\/vecinosdelinterior.com\/index.php\/wp-json\/wp\/v2\/posts\/2046","targetHints":{"allow":["GET"]}}],"collection":[{"href":"https:\/\/vecinosdelinterior.com\/index.php\/wp-json\/wp\/v2\/posts"}],"about":[{"href":"https:\/\/vecinosdelinterior.com\/index.php\/wp-json\/wp\/v2\/types\/post"}],"author":[{"embeddable":true,"href":"https:\/\/vecinosdelinterior.com\/index.php\/wp-json\/wp\/v2\/users\/1"}],"replies":[{"embeddable":true,"href":"https:\/\/vecinosdelinterior.com\/index.php\/wp-json\/wp\/v2\/comments?post=2046"}],"version-history":[{"count":1,"href":"https:\/\/vecinosdelinterior.com\/index.php\/wp-json\/wp\/v2\/posts\/2046\/revisions"}],"predecessor-version":[{"id":2049,"href":"https:\/\/vecinosdelinterior.com\/index.php\/wp-json\/wp\/v2\/posts\/2046\/revisions\/2049"}],"wp:featuredmedia":[{"embeddable":true,"href":"https:\/\/vecinosdelinterior.com\/index.php\/wp-json\/wp\/v2\/media\/2048"}],"wp:attachment":[{"href":"https:\/\/vecinosdelinterior.com\/index.php\/wp-json\/wp\/v2\/media?parent=2046"}],"wp:term":[{"taxonomy":"category","embeddable":true,"href":"https:\/\/vecinosdelinterior.com\/index.php\/wp-json\/wp\/v2\/categories?post=2046"},{"taxonomy":"post_tag","embeddable":true,"href":"https:\/\/vecinosdelinterior.com\/index.php\/wp-json\/wp\/v2\/tags?post=2046"}],"curies":[{"name":"wp","href":"https:\/\/api.w.org\/{rel}","templated":true}]}}