{"id":2064,"date":"2024-05-07T16:04:45","date_gmt":"2024-05-07T19:04:45","guid":{"rendered":"https:\/\/vecinosdelinterior.com\/?p=2064"},"modified":"2024-05-07T16:04:46","modified_gmt":"2024-05-07T19:04:46","slug":"la-milonga-el-zorzal-vuelve-al-centro-cultural-san-francisco","status":"publish","type":"post","link":"https:\/\/vecinosdelinterior.com\/index.php\/2024\/05\/07\/la-milonga-el-zorzal-vuelve-al-centro-cultural-san-francisco\/","title":{"rendered":"La milonga \u2018El Zorzal\u2019 vuelve al Centro Cultural San Francisco"},"content":{"rendered":"\n<p><\/p>\n\n\n\n<p>El evento est\u00e1 organizado en conjunto con la academia de tango \u2018Tac\u00f3n y Punta\u2019. La cita es este viernes a las 22:00. La entrada tendr\u00e1 un valor de $1.000.<\/p>\n\n\n\n<p>Este viernes por la noche, el Centro Cultural San Francisco vivir\u00e1 una noche a puro tango con la milonga \u201cEl Zorzal\u201d, que la secretar\u00eda de Turismo y Cultura organiza en conjunto con la academia de tango \u201cTac\u00f3n y Punta\u201d, a cargo de la profesora Paula Cabrera. Los asistentes podr\u00e1n disfrutar de servicio de cantina, karaoke tanguero, concursos y m\u00fasica en vivo con artistas invitados.<\/p>\n\n\n\n<p>Cabrera cont\u00f3 que realizan esta tradicional milonga hace cuatro a\u00f1os y que las \u00faltimas dos ediciones fueron en el centro cultural. \u201cEl objetivo es convocar a amantes del tango a bailar, escuchar esta m\u00fasica, distenderse o simplemente salir y pasar un momento diferente en familia. Tambi\u00e9n es poder promover esta expresi\u00f3n art\u00edstica en la zona\u201d, coment\u00f3 sobre la propuesta.<\/p>\n\n\n\n<p>Cabrera incursiona en la danza y el tango en particular desde muy peque\u00f1a: a los nueve a\u00f1os aprendi\u00f3 los primeros pasos y con el tiempo fue sumando formaci\u00f3n y entrenamiento. Toda su vida vivi\u00f3 en la Costa Atl\u00e1ntica, pero hace algunos a\u00f1os se mud\u00f3 a San Francisco. \u201cRecuerdo que cuando me mud\u00e9, al poco tiempo empec\u00e9 a ver inter\u00e9s en el pueblo por el tango. Eso me motiv\u00f3 en diciembre de 2019 a celebrar la primera milonga \u2018El Zorzal\u2019\u201d, record\u00f3.<\/p>\n\n\n\n<p>\u201cTac\u00f3n y Punta\u201d naci\u00f3 el 10 de junio de 2019 y funciona en el centro cultural de la localidad del departamento Ayacucho. Actualmente cuenta con cuatro niveles: iniciaci\u00f3n a la danza para ni\u00f1os, juvenil tango fusi\u00f3n, tango sal\u00f3n iniciaci\u00f3n y tango sal\u00f3n principiante avanzado.<\/p>\n\n\n\n<p>Sobre el nombre del evento, la bailarina explic\u00f3: \u201cSurge de dos cosas: una porque es en honor a Carlos Gardel (apodado \u2018el zorzal criollo\u2019); y la otra en referencia a la primera milonga que bail\u00e9, \u2018Yo soy de San Telmo\u2019, que en una parte dice \u2018canto como el zorzal\u2019\u201d.<\/p>\n\n\n\n<p>La organizadora adelant\u00f3 que el pr\u00f3ximo 14 de junio la academia celebrar\u00e1 sus primeros cinco a\u00f1os de vida con una muestra de baile abierta a la comunidad.<\/p>\n\n\n\n<figure class=\"wp-block-image size-large\"><img fetchpriority=\"high\" decoding=\"async\" width=\"1024\" height=\"1024\" src=\"https:\/\/vecinosdelinterior.com\/wp-content\/uploads\/2024\/05\/foto1-1-1024x1024.jpg\" alt=\"\" class=\"wp-image-2065\" srcset=\"https:\/\/vecinosdelinterior.com\/wp-content\/uploads\/2024\/05\/foto1-1-1024x1024.jpg 1024w, https:\/\/vecinosdelinterior.com\/wp-content\/uploads\/2024\/05\/foto1-1-300x300.jpg 300w, https:\/\/vecinosdelinterior.com\/wp-content\/uploads\/2024\/05\/foto1-1-150x150.jpg 150w, https:\/\/vecinosdelinterior.com\/wp-content\/uploads\/2024\/05\/foto1-1-768x768.jpg 768w, https:\/\/vecinosdelinterior.com\/wp-content\/uploads\/2024\/05\/foto1-1-75x75.jpg 75w, https:\/\/vecinosdelinterior.com\/wp-content\/uploads\/2024\/05\/foto1-1-750x750.jpg 750w, https:\/\/vecinosdelinterior.com\/wp-content\/uploads\/2024\/05\/foto1-1.jpg 1080w\" sizes=\"(max-width: 1024px) 100vw, 1024px\" \/><\/figure>\n","protected":false},"excerpt":{"rendered":"<p>El evento est\u00e1 organizado en conjunto con la academia de tango \u2018Tac\u00f3n y Punta\u2019. La cita es este viernes a las 22:00. La entrada tendr\u00e1 un valor de $1.000. Este viernes por la noche, el Centro Cultural San Francisco vivir\u00e1 una noche a puro tango con la milonga \u201cEl Zorzal\u201d, que la secretar\u00eda de Turismo [&hellip;]<\/p>\n","protected":false},"author":1,"featured_media":2065,"comment_status":"open","ping_status":"open","sticky":false,"template":"","format":"standard","meta":{"footnotes":""},"categories":[8,9],"tags":[391],"class_list":["post-2064","post","type-post","status-publish","format-standard","has-post-thumbnail","hentry","category-ayacucho","category-san-francisco","tag-eventos"],"_links":{"self":[{"href":"https:\/\/vecinosdelinterior.com\/index.php\/wp-json\/wp\/v2\/posts\/2064","targetHints":{"allow":["GET"]}}],"collection":[{"href":"https:\/\/vecinosdelinterior.com\/index.php\/wp-json\/wp\/v2\/posts"}],"about":[{"href":"https:\/\/vecinosdelinterior.com\/index.php\/wp-json\/wp\/v2\/types\/post"}],"author":[{"embeddable":true,"href":"https:\/\/vecinosdelinterior.com\/index.php\/wp-json\/wp\/v2\/users\/1"}],"replies":[{"embeddable":true,"href":"https:\/\/vecinosdelinterior.com\/index.php\/wp-json\/wp\/v2\/comments?post=2064"}],"version-history":[{"count":1,"href":"https:\/\/vecinosdelinterior.com\/index.php\/wp-json\/wp\/v2\/posts\/2064\/revisions"}],"predecessor-version":[{"id":2066,"href":"https:\/\/vecinosdelinterior.com\/index.php\/wp-json\/wp\/v2\/posts\/2064\/revisions\/2066"}],"wp:featuredmedia":[{"embeddable":true,"href":"https:\/\/vecinosdelinterior.com\/index.php\/wp-json\/wp\/v2\/media\/2065"}],"wp:attachment":[{"href":"https:\/\/vecinosdelinterior.com\/index.php\/wp-json\/wp\/v2\/media?parent=2064"}],"wp:term":[{"taxonomy":"category","embeddable":true,"href":"https:\/\/vecinosdelinterior.com\/index.php\/wp-json\/wp\/v2\/categories?post=2064"},{"taxonomy":"post_tag","embeddable":true,"href":"https:\/\/vecinosdelinterior.com\/index.php\/wp-json\/wp\/v2\/tags?post=2064"}],"curies":[{"name":"wp","href":"https:\/\/api.w.org\/{rel}","templated":true}]}}