{"id":2080,"date":"2024-05-09T10:26:34","date_gmt":"2024-05-09T13:26:34","guid":{"rendered":"https:\/\/vecinosdelinterior.com\/?p=2080"},"modified":"2024-05-09T10:27:05","modified_gmt":"2024-05-09T13:27:05","slug":"el-camion-sanitario-estara-este-jueves-en-nueva-galia","status":"publish","type":"post","link":"https:\/\/vecinosdelinterior.com\/index.php\/2024\/05\/09\/el-camion-sanitario-estara-este-jueves-en-nueva-galia\/","title":{"rendered":"El Cami\u00f3n Sanitario estar\u00e1 este jueves en Nueva Galia"},"content":{"rendered":"\n<p>El m\u00f3vil del ministerio de Salud que recorre todas localidades de la provincia visitar\u00e1 el departamento Dupuy con el equipo multidisciplinario de Medicina del Interior.<br>Este jueves a partir de las 9:30, los vecinos de Nueva Galia podr\u00e1n acercarse a la Escuela T\u00e9cnica N\u00ba25 \u2018Escultor Antonio Miguel Nevot\u2019 para realizarse los controles de rutina, completar el calendario de vacunaci\u00f3n y atenderse con m\u00e9dicos especialistas para prevenir y detectar patolog\u00edas. Deber\u00e1n concurrir con DNI y libreta de salud en el caso de los menores.<br>Atender\u00e1n m\u00e9dicos generalistas, obstetras, enfermeros, farmac\u00e9uticos, odont\u00f3logos, nutricionistas, fonoaudi\u00f3logos, psic\u00f3logos y agentes sanitarios.<\/p>\n\n\n\n<figure class=\"wp-block-image size-full\"><img fetchpriority=\"high\" decoding=\"async\" width=\"518\" height=\"519\" src=\"https:\/\/vecinosdelinterior.com\/wp-content\/uploads\/2024\/05\/9-5-2024-10-26-04.jpg\" alt=\"\" class=\"wp-image-2082\" srcset=\"https:\/\/vecinosdelinterior.com\/wp-content\/uploads\/2024\/05\/9-5-2024-10-26-04.jpg 518w, https:\/\/vecinosdelinterior.com\/wp-content\/uploads\/2024\/05\/9-5-2024-10-26-04-300x300.jpg 300w, https:\/\/vecinosdelinterior.com\/wp-content\/uploads\/2024\/05\/9-5-2024-10-26-04-150x150.jpg 150w, https:\/\/vecinosdelinterior.com\/wp-content\/uploads\/2024\/05\/9-5-2024-10-26-04-75x75.jpg 75w\" sizes=\"(max-width: 518px) 100vw, 518px\" \/><\/figure>\n","protected":false},"excerpt":{"rendered":"<p>El m\u00f3vil del ministerio de Salud que recorre todas localidades de la provincia visitar\u00e1 el departamento Dupuy con el equipo multidisciplinario de Medicina del Interior.Este jueves a partir de las 9:30, los vecinos de Nueva Galia podr\u00e1n acercarse a la Escuela T\u00e9cnica N\u00ba25 \u2018Escultor Antonio Miguel Nevot\u2019 para realizarse los controles de rutina, completar el [&hellip;]<\/p>\n","protected":false},"author":1,"featured_media":2082,"comment_status":"open","ping_status":"open","sticky":false,"template":"","format":"standard","meta":{"footnotes":""},"categories":[1,16,40],"tags":[],"class_list":["post-2080","post","type-post","status-publish","format-standard","has-post-thumbnail","hentry","category-blog","category-dupuy","category-nueva-galia"],"_links":{"self":[{"href":"https:\/\/vecinosdelinterior.com\/index.php\/wp-json\/wp\/v2\/posts\/2080","targetHints":{"allow":["GET"]}}],"collection":[{"href":"https:\/\/vecinosdelinterior.com\/index.php\/wp-json\/wp\/v2\/posts"}],"about":[{"href":"https:\/\/vecinosdelinterior.com\/index.php\/wp-json\/wp\/v2\/types\/post"}],"author":[{"embeddable":true,"href":"https:\/\/vecinosdelinterior.com\/index.php\/wp-json\/wp\/v2\/users\/1"}],"replies":[{"embeddable":true,"href":"https:\/\/vecinosdelinterior.com\/index.php\/wp-json\/wp\/v2\/comments?post=2080"}],"version-history":[{"count":2,"href":"https:\/\/vecinosdelinterior.com\/index.php\/wp-json\/wp\/v2\/posts\/2080\/revisions"}],"predecessor-version":[{"id":2083,"href":"https:\/\/vecinosdelinterior.com\/index.php\/wp-json\/wp\/v2\/posts\/2080\/revisions\/2083"}],"wp:featuredmedia":[{"embeddable":true,"href":"https:\/\/vecinosdelinterior.com\/index.php\/wp-json\/wp\/v2\/media\/2082"}],"wp:attachment":[{"href":"https:\/\/vecinosdelinterior.com\/index.php\/wp-json\/wp\/v2\/media?parent=2080"}],"wp:term":[{"taxonomy":"category","embeddable":true,"href":"https:\/\/vecinosdelinterior.com\/index.php\/wp-json\/wp\/v2\/categories?post=2080"},{"taxonomy":"post_tag","embeddable":true,"href":"https:\/\/vecinosdelinterior.com\/index.php\/wp-json\/wp\/v2\/tags?post=2080"}],"curies":[{"name":"wp","href":"https:\/\/api.w.org\/{rel}","templated":true}]}}