{"id":2084,"date":"2024-05-09T17:54:31","date_gmt":"2024-05-09T20:54:31","guid":{"rendered":"https:\/\/vecinosdelinterior.com\/?p=2084"},"modified":"2024-05-09T17:54:31","modified_gmt":"2024-05-09T20:54:31","slug":"lujan-celebro-su-fiesta-patronal-con-una-misa-y-procesion","status":"publish","type":"post","link":"https:\/\/vecinosdelinterior.com\/index.php\/2024\/05\/09\/lujan-celebro-su-fiesta-patronal-con-una-misa-y-procesion\/","title":{"rendered":"Luj\u00e1n celebr\u00f3 su fiesta patronal con una misa y procesi\u00f3n"},"content":{"rendered":"\n<p>Desde hace 29 a\u00f1os, cada 8 de mayo los vecinos le rinden honor a la Virgen que da nombre a la localidad ubicada a 130 kil\u00f3metros de San Luis capital.<\/p>\n\n\n\n<p>Este mi\u00e9rcoles, los vecinos de Luj\u00e1n celebraron la fiesta patronal de la localidad. La actividad se realiza cada 8 de mayo desde hace 29 a\u00f1os. El evento comenz\u00f3 con la Santa Misa frente la parroquia \u2018Nuestra Se\u00f1ora de Luj\u00e1n\u2019. Luego se realiz\u00f3 la tradicional procesi\u00f3n en honor a la Virgen, que tambi\u00e9n es patrona de la Rep\u00fablica Argentina.<\/p>\n\n\n\n<p>La actividad fue encabezada por el intendente, Pablo L\u00f3pez, quien estuvo acompa\u00f1ado por autoridades municipales, integrantes del Concejo Deliberante local y el ministro de Gobierno, Facundo Endeiza, adem\u00e1s de instituciones educativas y vecinos del pueblo y zonas aleda\u00f1as.<\/p>\n\n\n\n<p>Por la importancia del evento, la municipalidad de Luj\u00e1n, mediante el decreto N\u00ba 15-ML-2024, declar\u00f3 asueto administrativo durante toda la jornada laboral.<\/p>\n\n\n\n<figure class=\"wp-block-gallery has-nested-images columns-default is-cropped wp-block-gallery-1 is-layout-flex wp-block-gallery-is-layout-flex\">\n<figure class=\"wp-block-image size-large\"><img fetchpriority=\"high\" decoding=\"async\" width=\"768\" height=\"512\" data-id=\"2086\" src=\"https:\/\/vecinosdelinterior.com\/wp-content\/uploads\/2024\/05\/WhatsApp-Image-2024-05-09-at-12.43.56-PM-2-768x512-1.jpeg\" alt=\"\" class=\"wp-image-2086\" srcset=\"https:\/\/vecinosdelinterior.com\/wp-content\/uploads\/2024\/05\/WhatsApp-Image-2024-05-09-at-12.43.56-PM-2-768x512-1.jpeg 768w, https:\/\/vecinosdelinterior.com\/wp-content\/uploads\/2024\/05\/WhatsApp-Image-2024-05-09-at-12.43.56-PM-2-768x512-1-300x200.jpeg 300w, https:\/\/vecinosdelinterior.com\/wp-content\/uploads\/2024\/05\/WhatsApp-Image-2024-05-09-at-12.43.56-PM-2-768x512-1-750x500.jpeg 750w\" sizes=\"(max-width: 768px) 100vw, 768px\" \/><\/figure>\n\n\n\n<figure class=\"wp-block-image size-large\"><img decoding=\"async\" width=\"768\" height=\"512\" data-id=\"2087\" src=\"https:\/\/vecinosdelinterior.com\/wp-content\/uploads\/2024\/05\/WhatsApp-Image-2024-05-09-at-12.43.56-PM-1-768x512-1.jpeg\" alt=\"\" class=\"wp-image-2087\" srcset=\"https:\/\/vecinosdelinterior.com\/wp-content\/uploads\/2024\/05\/WhatsApp-Image-2024-05-09-at-12.43.56-PM-1-768x512-1.jpeg 768w, https:\/\/vecinosdelinterior.com\/wp-content\/uploads\/2024\/05\/WhatsApp-Image-2024-05-09-at-12.43.56-PM-1-768x512-1-300x200.jpeg 300w, https:\/\/vecinosdelinterior.com\/wp-content\/uploads\/2024\/05\/WhatsApp-Image-2024-05-09-at-12.43.56-PM-1-768x512-1-750x500.jpeg 750w\" sizes=\"(max-width: 768px) 100vw, 768px\" \/><\/figure>\n\n\n\n<figure class=\"wp-block-image size-large\"><img decoding=\"async\" width=\"768\" height=\"512\" data-id=\"2085\" src=\"https:\/\/vecinosdelinterior.com\/wp-content\/uploads\/2024\/05\/WhatsApp-Image-2024-05-09-at-12.43.49-PM-768x512-1.jpeg\" alt=\"\" class=\"wp-image-2085\" srcset=\"https:\/\/vecinosdelinterior.com\/wp-content\/uploads\/2024\/05\/WhatsApp-Image-2024-05-09-at-12.43.49-PM-768x512-1.jpeg 768w, https:\/\/vecinosdelinterior.com\/wp-content\/uploads\/2024\/05\/WhatsApp-Image-2024-05-09-at-12.43.49-PM-768x512-1-300x200.jpeg 300w, https:\/\/vecinosdelinterior.com\/wp-content\/uploads\/2024\/05\/WhatsApp-Image-2024-05-09-at-12.43.49-PM-768x512-1-750x500.jpeg 750w\" sizes=\"(max-width: 768px) 100vw, 768px\" \/><\/figure>\n\n\n\n<figure class=\"wp-block-image size-large\"><img loading=\"lazy\" decoding=\"async\" width=\"1024\" height=\"682\" data-id=\"2088\" src=\"https:\/\/vecinosdelinterior.com\/wp-content\/uploads\/2024\/05\/WhatsApp-Image-2024-05-09-at-12.50.25-PM-1024x682.jpeg\" alt=\"\" class=\"wp-image-2088\" srcset=\"https:\/\/vecinosdelinterior.com\/wp-content\/uploads\/2024\/05\/WhatsApp-Image-2024-05-09-at-12.50.25-PM-1024x682.jpeg 1024w, https:\/\/vecinosdelinterior.com\/wp-content\/uploads\/2024\/05\/WhatsApp-Image-2024-05-09-at-12.50.25-PM-300x200.jpeg 300w, https:\/\/vecinosdelinterior.com\/wp-content\/uploads\/2024\/05\/WhatsApp-Image-2024-05-09-at-12.50.25-PM-768x512.jpeg 768w, https:\/\/vecinosdelinterior.com\/wp-content\/uploads\/2024\/05\/WhatsApp-Image-2024-05-09-at-12.50.25-PM-1536x1023.jpeg 1536w, https:\/\/vecinosdelinterior.com\/wp-content\/uploads\/2024\/05\/WhatsApp-Image-2024-05-09-at-12.50.25-PM-750x500.jpeg 750w, https:\/\/vecinosdelinterior.com\/wp-content\/uploads\/2024\/05\/WhatsApp-Image-2024-05-09-at-12.50.25-PM-1140x760.jpeg 1140w, https:\/\/vecinosdelinterior.com\/wp-content\/uploads\/2024\/05\/WhatsApp-Image-2024-05-09-at-12.50.25-PM.jpeg 1600w\" sizes=\"(max-width: 1024px) 100vw, 1024px\" \/><\/figure>\n<\/figure>\n","protected":false},"excerpt":{"rendered":"<p>Desde hace 29 a\u00f1os, cada 8 de mayo los vecinos le rinden honor a la Virgen que da nombre a la localidad ubicada a 130 kil\u00f3metros de San Luis capital. Este mi\u00e9rcoles, los vecinos de Luj\u00e1n celebraron la fiesta patronal de la localidad. La actividad se realiza cada 8 de mayo desde hace 29 a\u00f1os. [&hellip;]<\/p>\n","protected":false},"author":1,"featured_media":2088,"comment_status":"open","ping_status":"open","sticky":false,"template":"","format":"standard","meta":{"footnotes":""},"categories":[8,36],"tags":[415],"class_list":["post-2084","post","type-post","status-publish","format-standard","has-post-thumbnail","hentry","category-ayacucho","category-lujan","tag-virgen-de-lujan"],"_links":{"self":[{"href":"https:\/\/vecinosdelinterior.com\/index.php\/wp-json\/wp\/v2\/posts\/2084","targetHints":{"allow":["GET"]}}],"collection":[{"href":"https:\/\/vecinosdelinterior.com\/index.php\/wp-json\/wp\/v2\/posts"}],"about":[{"href":"https:\/\/vecinosdelinterior.com\/index.php\/wp-json\/wp\/v2\/types\/post"}],"author":[{"embeddable":true,"href":"https:\/\/vecinosdelinterior.com\/index.php\/wp-json\/wp\/v2\/users\/1"}],"replies":[{"embeddable":true,"href":"https:\/\/vecinosdelinterior.com\/index.php\/wp-json\/wp\/v2\/comments?post=2084"}],"version-history":[{"count":1,"href":"https:\/\/vecinosdelinterior.com\/index.php\/wp-json\/wp\/v2\/posts\/2084\/revisions"}],"predecessor-version":[{"id":2089,"href":"https:\/\/vecinosdelinterior.com\/index.php\/wp-json\/wp\/v2\/posts\/2084\/revisions\/2089"}],"wp:featuredmedia":[{"embeddable":true,"href":"https:\/\/vecinosdelinterior.com\/index.php\/wp-json\/wp\/v2\/media\/2088"}],"wp:attachment":[{"href":"https:\/\/vecinosdelinterior.com\/index.php\/wp-json\/wp\/v2\/media?parent=2084"}],"wp:term":[{"taxonomy":"category","embeddable":true,"href":"https:\/\/vecinosdelinterior.com\/index.php\/wp-json\/wp\/v2\/categories?post=2084"},{"taxonomy":"post_tag","embeddable":true,"href":"https:\/\/vecinosdelinterior.com\/index.php\/wp-json\/wp\/v2\/tags?post=2084"}],"curies":[{"name":"wp","href":"https:\/\/api.w.org\/{rel}","templated":true}]}}