{"id":2096,"date":"2024-05-12T11:37:01","date_gmt":"2024-05-12T14:37:01","guid":{"rendered":"https:\/\/vecinosdelinterior.com\/?p=2096"},"modified":"2024-05-12T11:37:38","modified_gmt":"2024-05-12T14:37:38","slug":"accidente-fatal-en-la-ruta-146-en-cercanias-de-beazley","status":"publish","type":"post","link":"https:\/\/vecinosdelinterior.com\/index.php\/2024\/05\/12\/accidente-fatal-en-la-ruta-146-en-cercanias-de-beazley\/","title":{"rendered":"Accidente fatal en la ruta 146 en cercan\u00edas de Beazley"},"content":{"rendered":"\n<p><br>Un tremendo accidente en el que el motor del auto se desprendi\u00f3 y qued\u00f3 a 30 metros del chasis se cobr\u00f3 la vida de hombre de 59 a\u00f1os presumiblemente oriundo de San Rafael, en Mendoza. El siniestro ocurri\u00f3 el domingo a la ma\u00f1ana en la ruta 146 Sur a la altura de Beazley.<\/p>\n\n\n\n<p>La v\u00edctima fatal iba en su auto hacia el norte y los polic\u00edas trabajaron durante la ma\u00f1ana para tratar de sacar el cuerpo, que hab\u00eda quedado atrapado entre los hierros. En dos horas de labor, los oficiales no hab\u00edan podido dar con su cometido.<\/p>\n\n\n\n<p>Tampoco pudo informar la polic\u00eda las razones por la que el Fiat Mobi gris, patente AC 379 RK, en el que el hombre que iba solo perdi\u00f3 el control y sali\u00f3 de la ruta hasta chocar contra un \u00e1rbol de la banquina.<\/p>\n\n\n\n<p>En el lugar trabaja personal de la Comisar\u00eda 46, de Beazley, que tiene como objetivo determinar las causas del siniestro. EDDLR<\/p>\n\n\n\n<figure class=\"wp-block-image size-full\"><img fetchpriority=\"high\" decoding=\"async\" width=\"968\" height=\"535\" src=\"https:\/\/vecinosdelinterior.com\/wp-content\/uploads\/2024\/05\/12-5-2024-11-28-16.jpg\" alt=\"\" class=\"wp-image-2097\" srcset=\"https:\/\/vecinosdelinterior.com\/wp-content\/uploads\/2024\/05\/12-5-2024-11-28-16.jpg 968w, https:\/\/vecinosdelinterior.com\/wp-content\/uploads\/2024\/05\/12-5-2024-11-28-16-300x166.jpg 300w, https:\/\/vecinosdelinterior.com\/wp-content\/uploads\/2024\/05\/12-5-2024-11-28-16-768x424.jpg 768w, https:\/\/vecinosdelinterior.com\/wp-content\/uploads\/2024\/05\/12-5-2024-11-28-16-750x415.jpg 750w\" sizes=\"(max-width: 968px) 100vw, 968px\" \/><\/figure>\n","protected":false},"excerpt":{"rendered":"<p>Un tremendo accidente en el que el motor del auto se desprendi\u00f3 y qued\u00f3 a 30 metros del chasis se cobr\u00f3 la vida de hombre de 59 a\u00f1os presumiblemente oriundo de San Rafael, en Mendoza. El siniestro ocurri\u00f3 el domingo a la ma\u00f1ana en la ruta 146 Sur a la altura de Beazley. La v\u00edctima [&hellip;]<\/p>\n","protected":false},"author":1,"featured_media":2097,"comment_status":"open","ping_status":"open","sticky":false,"template":"","format":"standard","meta":{"footnotes":""},"categories":[139,12],"tags":[],"class_list":["post-2096","post","type-post","status-publish","format-standard","has-post-thumbnail","hentry","category-beazley","category-pueyrredon"],"_links":{"self":[{"href":"https:\/\/vecinosdelinterior.com\/index.php\/wp-json\/wp\/v2\/posts\/2096","targetHints":{"allow":["GET"]}}],"collection":[{"href":"https:\/\/vecinosdelinterior.com\/index.php\/wp-json\/wp\/v2\/posts"}],"about":[{"href":"https:\/\/vecinosdelinterior.com\/index.php\/wp-json\/wp\/v2\/types\/post"}],"author":[{"embeddable":true,"href":"https:\/\/vecinosdelinterior.com\/index.php\/wp-json\/wp\/v2\/users\/1"}],"replies":[{"embeddable":true,"href":"https:\/\/vecinosdelinterior.com\/index.php\/wp-json\/wp\/v2\/comments?post=2096"}],"version-history":[{"count":2,"href":"https:\/\/vecinosdelinterior.com\/index.php\/wp-json\/wp\/v2\/posts\/2096\/revisions"}],"predecessor-version":[{"id":2099,"href":"https:\/\/vecinosdelinterior.com\/index.php\/wp-json\/wp\/v2\/posts\/2096\/revisions\/2099"}],"wp:featuredmedia":[{"embeddable":true,"href":"https:\/\/vecinosdelinterior.com\/index.php\/wp-json\/wp\/v2\/media\/2097"}],"wp:attachment":[{"href":"https:\/\/vecinosdelinterior.com\/index.php\/wp-json\/wp\/v2\/media?parent=2096"}],"wp:term":[{"taxonomy":"category","embeddable":true,"href":"https:\/\/vecinosdelinterior.com\/index.php\/wp-json\/wp\/v2\/categories?post=2096"},{"taxonomy":"post_tag","embeddable":true,"href":"https:\/\/vecinosdelinterior.com\/index.php\/wp-json\/wp\/v2\/tags?post=2096"}],"curies":[{"name":"wp","href":"https:\/\/api.w.org\/{rel}","templated":true}]}}