{"id":2110,"date":"2024-05-14T10:26:18","date_gmt":"2024-05-14T13:26:18","guid":{"rendered":"https:\/\/vecinosdelinterior.com\/?p=2110"},"modified":"2024-05-14T10:26:18","modified_gmt":"2024-05-14T13:26:18","slug":"mas-de-30-localidades-sanluisenas-registraron-temperaturas-bajo-cero","status":"publish","type":"post","link":"https:\/\/vecinosdelinterior.com\/index.php\/2024\/05\/14\/mas-de-30-localidades-sanluisenas-registraron-temperaturas-bajo-cero\/","title":{"rendered":"M\u00e1s de 30 localidades sanluise\u00f1as registraron temperaturas bajo cero"},"content":{"rendered":"\n<p>La REM report\u00f3 que San Mart\u00edn fue donde este martes se registr\u00f3 la temperatura m\u00e1s baja de la provincia con -6\u00b0C, seguido por Bajada Nueva con -5,1\u00b0C, la AgroZal en Villa Mercedes y Soven con -4,4C, y Concar\u00e1n con -4,2\u00b0C. Hacia la tarde se espera que el term\u00f3metro escale hasta los 15\u00b0C, iguales condiciones se mantendr\u00edan en los d\u00edas venideros.<\/p>\n\n\n\n<p>Este martes, nuevamente se reportaron en las estaciones meteorol\u00f3gicas temperaturas bajo cero en varias localidades provinciales.<\/p>\n\n\n\n<p>Para esta tarde se anticipa un leve ascenso de las temperaturas. El cielo estar\u00e1 de mayormente despejado a parcialmente nublado y se esperan bancos de niebla matinales y aislados en la regi\u00f3n central y en el extremo sur provincial. Las temperaturas m\u00e1ximas estar\u00e1n en torno a los 15\u00baC. El viento predominar\u00e1 del cuadrante norte de leve a moderado (12 a 28 km\/h) con algunas r\u00e1fagas en la regi\u00f3n noroeste.<\/p>\n\n\n\n<p>Para el mi\u00e9rcoles, se vaticina un m\u00ednimo incremento de las t\u00e9rmicas, continuando con la probabilidad de heladas. El cielo estar\u00e1 de mayormente nublado a parcialmente nublado. En promedio, se esperan m\u00ednimas de 1\u00b0C y m\u00e1ximas de 16\u00b0C. El viento ser\u00e1 predominante del cuadrante noreste.<\/p>\n\n\n\n<p>El jueves habr\u00eda poco cambio en las condiciones meteorol\u00f3gicas. El cielo estar\u00e1 mayormente despejado. En promedio, se esperan m\u00ednimas de 2\u00b0C y m\u00e1ximas de 16\u00b0C. El viento ser\u00e1 del sector sudeste con r\u00e1fagas fuertes.<\/p>\n\n\n\n<p>Para el viernes las condiciones ser\u00e1n similares, con cielo parcial a mayormente nublado. Las m\u00ednimas promediar\u00e1n los 3\u00b0C en tanto que las m\u00e1ximas los 15\u00b0C. El viento ser\u00e1 leve del cuadrante sur.<\/p>\n\n\n\n<figure class=\"wp-block-image size-full\"><img fetchpriority=\"high\" decoding=\"async\" width=\"573\" height=\"675\" src=\"https:\/\/vecinosdelinterior.com\/wp-content\/uploads\/2024\/05\/WhatsApp-Image-2024-05-14-at-8.14.33-AM-573x675-1.jpeg\" alt=\"\" class=\"wp-image-2111\" srcset=\"https:\/\/vecinosdelinterior.com\/wp-content\/uploads\/2024\/05\/WhatsApp-Image-2024-05-14-at-8.14.33-AM-573x675-1.jpeg 573w, https:\/\/vecinosdelinterior.com\/wp-content\/uploads\/2024\/05\/WhatsApp-Image-2024-05-14-at-8.14.33-AM-573x675-1-255x300.jpeg 255w\" sizes=\"(max-width: 573px) 100vw, 573px\" \/><\/figure>\n","protected":false},"excerpt":{"rendered":"<p>La REM report\u00f3 que San Mart\u00edn fue donde este martes se registr\u00f3 la temperatura m\u00e1s baja de la provincia con -6\u00b0C, seguido por Bajada Nueva con -5,1\u00b0C, la AgroZal en Villa Mercedes y Soven con -4,4C, y Concar\u00e1n con -4,2\u00b0C. Hacia la tarde se espera que el term\u00f3metro escale hasta los 15\u00b0C, iguales condiciones se [&hellip;]<\/p>\n","protected":false},"author":1,"featured_media":2111,"comment_status":"open","ping_status":"open","sticky":false,"template":"","format":"standard","meta":{"footnotes":""},"categories":[1],"tags":[],"class_list":["post-2110","post","type-post","status-publish","format-standard","has-post-thumbnail","hentry","category-blog"],"_links":{"self":[{"href":"https:\/\/vecinosdelinterior.com\/index.php\/wp-json\/wp\/v2\/posts\/2110","targetHints":{"allow":["GET"]}}],"collection":[{"href":"https:\/\/vecinosdelinterior.com\/index.php\/wp-json\/wp\/v2\/posts"}],"about":[{"href":"https:\/\/vecinosdelinterior.com\/index.php\/wp-json\/wp\/v2\/types\/post"}],"author":[{"embeddable":true,"href":"https:\/\/vecinosdelinterior.com\/index.php\/wp-json\/wp\/v2\/users\/1"}],"replies":[{"embeddable":true,"href":"https:\/\/vecinosdelinterior.com\/index.php\/wp-json\/wp\/v2\/comments?post=2110"}],"version-history":[{"count":1,"href":"https:\/\/vecinosdelinterior.com\/index.php\/wp-json\/wp\/v2\/posts\/2110\/revisions"}],"predecessor-version":[{"id":2112,"href":"https:\/\/vecinosdelinterior.com\/index.php\/wp-json\/wp\/v2\/posts\/2110\/revisions\/2112"}],"wp:featuredmedia":[{"embeddable":true,"href":"https:\/\/vecinosdelinterior.com\/index.php\/wp-json\/wp\/v2\/media\/2111"}],"wp:attachment":[{"href":"https:\/\/vecinosdelinterior.com\/index.php\/wp-json\/wp\/v2\/media?parent=2110"}],"wp:term":[{"taxonomy":"category","embeddable":true,"href":"https:\/\/vecinosdelinterior.com\/index.php\/wp-json\/wp\/v2\/categories?post=2110"},{"taxonomy":"post_tag","embeddable":true,"href":"https:\/\/vecinosdelinterior.com\/index.php\/wp-json\/wp\/v2\/tags?post=2110"}],"curies":[{"name":"wp","href":"https:\/\/api.w.org\/{rel}","templated":true}]}}