{"id":2123,"date":"2024-05-15T19:50:24","date_gmt":"2024-05-15T22:50:24","guid":{"rendered":"https:\/\/vecinosdelinterior.com\/?p=2123"},"modified":"2024-05-15T19:50:25","modified_gmt":"2024-05-15T22:50:25","slug":"optimizaran-la-recoleccion-de-residuos-en-las-viviendas-de-paso-de-las-carretas","status":"publish","type":"post","link":"https:\/\/vecinosdelinterior.com\/index.php\/2024\/05\/15\/optimizaran-la-recoleccion-de-residuos-en-las-viviendas-de-paso-de-las-carretas\/","title":{"rendered":"Optimizar\u00e1n la recolecci\u00f3n de residuos en las viviendas de Paso de las Carretas"},"content":{"rendered":"\n<p><\/p>\n\n\n\n<p>Esta iniciativa traer\u00e1 m\u00faltiples beneficios que propiciar\u00e1n el correcto destino de los Residuos S\u00f3lidos Urbanos (RSU), a trav\u00e9s de la incorporaci\u00f3n de puntos verdes, cestos de residuos diferenciados y la recolecci\u00f3n y traslado de los residuos a Peuma, la planta de tratamiento y reciclado ubicada en La Toma.<\/p>\n\n\n\n<p>La Secretar\u00eda de Ambiente y Desarrollo Sustentable y el Club de Pesca Paso de las Carretas llegaron a un acuerdo para optimizar la recolecci\u00f3n de residuos en el barrio que circunda al dique. \u201cAntes no se realizaba recolecci\u00f3n de residuos de manera permanente, entonces los perros y zorros los llevaban al dique o al monte. Por eso, este acuerdo representa una soluci\u00f3n definitiva a un problema que parec\u00eda eterno\u201d, se\u00f1al\u00f3 el director de Gesti\u00f3n Ambiental de Residuos, An\u00edbal Catt\u00e1neo.<\/p>\n\n\n\n<p>Seg\u00fan un abordaje previo que se realiz\u00f3, se calcula que el sitio recibe cada fin de semana 300 visitantes, que genera al cabo de 30 d\u00edas, m\u00e1s de 500 kilos de residuos h\u00famedos y 600 kilos de residuos secos.<\/p>\n\n\n\n<figure class=\"wp-block-image size-full\"><img fetchpriority=\"high\" decoding=\"async\" width=\"345\" height=\"345\" src=\"https:\/\/vecinosdelinterior.com\/wp-content\/uploads\/2023\/08\/publi-345x345-1.jpg\" alt=\"\" class=\"wp-image-567\" srcset=\"https:\/\/vecinosdelinterior.com\/wp-content\/uploads\/2023\/08\/publi-345x345-1.jpg 345w, https:\/\/vecinosdelinterior.com\/wp-content\/uploads\/2023\/08\/publi-345x345-1-300x300.jpg 300w, https:\/\/vecinosdelinterior.com\/wp-content\/uploads\/2023\/08\/publi-345x345-1-150x150.jpg 150w, https:\/\/vecinosdelinterior.com\/wp-content\/uploads\/2023\/08\/publi-345x345-1-75x75.jpg 75w\" sizes=\"(max-width: 345px) 100vw, 345px\" \/><\/figure>\n\n\n\n<p>Bajo esta condici\u00f3n, el Ente Administrador de Plantas de Tratamiento y Reciclado de RSU, a cargo de la cartera ambiental, propone un plan de acci\u00f3n que contempla: cestos en puntos estrat\u00e9gicos para la recolecci\u00f3n de residuos secos ( vidrios, latas, pl\u00e1sticos) que ser\u00e1n trasladados cada mes a la planta de reciclado y tratamiento \u2018Peuma\u2019. Tambi\u00e9n se incorporar\u00e1 un espacio adecuado para la recepci\u00f3n de residuos h\u00famedos, que se destinar\u00e1 al compostaje en beneficio de la comunidad.<\/p>\n\n\n\n<p>La propuesta surge despu\u00e9s de distintas reuniones entre las entidades, en las cuales abordaron la necesidad de unificar criterios y trabajar en conjunto en pos del beneficio de los vecinos, del cuidado del r\u00edo Quinto y el bosque nativo que rodea la zona. Asimismo. Durante los encuentros se plante\u00f3 la situaci\u00f3n que se da en la regi\u00f3n en cuanto a la generaci\u00f3n de residuos, que var\u00eda seg\u00fan las actividades tur\u00edsticas, y no ha tenido soluci\u00f3n durante los \u00faltimos a\u00f1os.<\/p>\n","protected":false},"excerpt":{"rendered":"<p>Esta iniciativa traer\u00e1 m\u00faltiples beneficios que propiciar\u00e1n el correcto destino de los Residuos S\u00f3lidos Urbanos (RSU), a trav\u00e9s de la incorporaci\u00f3n de puntos verdes, cestos de residuos diferenciados y la recolecci\u00f3n y traslado de los residuos a Peuma, la planta de tratamiento y reciclado ubicada en La Toma. La Secretar\u00eda de Ambiente y Desarrollo Sustentable [&hellip;]<\/p>\n","protected":false},"author":1,"featured_media":2124,"comment_status":"open","ping_status":"open","sticky":false,"template":"","format":"standard","meta":{"footnotes":""},"categories":[1],"tags":[],"class_list":["post-2123","post","type-post","status-publish","format-standard","has-post-thumbnail","hentry","category-blog"],"_links":{"self":[{"href":"https:\/\/vecinosdelinterior.com\/index.php\/wp-json\/wp\/v2\/posts\/2123","targetHints":{"allow":["GET"]}}],"collection":[{"href":"https:\/\/vecinosdelinterior.com\/index.php\/wp-json\/wp\/v2\/posts"}],"about":[{"href":"https:\/\/vecinosdelinterior.com\/index.php\/wp-json\/wp\/v2\/types\/post"}],"author":[{"embeddable":true,"href":"https:\/\/vecinosdelinterior.com\/index.php\/wp-json\/wp\/v2\/users\/1"}],"replies":[{"embeddable":true,"href":"https:\/\/vecinosdelinterior.com\/index.php\/wp-json\/wp\/v2\/comments?post=2123"}],"version-history":[{"count":1,"href":"https:\/\/vecinosdelinterior.com\/index.php\/wp-json\/wp\/v2\/posts\/2123\/revisions"}],"predecessor-version":[{"id":2125,"href":"https:\/\/vecinosdelinterior.com\/index.php\/wp-json\/wp\/v2\/posts\/2123\/revisions\/2125"}],"wp:featuredmedia":[{"embeddable":true,"href":"https:\/\/vecinosdelinterior.com\/index.php\/wp-json\/wp\/v2\/media\/2124"}],"wp:attachment":[{"href":"https:\/\/vecinosdelinterior.com\/index.php\/wp-json\/wp\/v2\/media?parent=2123"}],"wp:term":[{"taxonomy":"category","embeddable":true,"href":"https:\/\/vecinosdelinterior.com\/index.php\/wp-json\/wp\/v2\/categories?post=2123"},{"taxonomy":"post_tag","embeddable":true,"href":"https:\/\/vecinosdelinterior.com\/index.php\/wp-json\/wp\/v2\/tags?post=2123"}],"curies":[{"name":"wp","href":"https:\/\/api.w.org\/{rel}","templated":true}]}}