{"id":2136,"date":"2024-05-17T10:23:36","date_gmt":"2024-05-17T13:23:36","guid":{"rendered":"https:\/\/vecinosdelinterior.com\/?p=2136"},"modified":"2024-05-17T10:23:37","modified_gmt":"2024-05-17T13:23:37","slug":"navia-los-coros-y-el-trapiche-entre-las-localidades-con-temperaturas-mas-bajas","status":"publish","type":"post","link":"https:\/\/vecinosdelinterior.com\/index.php\/2024\/05\/17\/navia-los-coros-y-el-trapiche-entre-las-localidades-con-temperaturas-mas-bajas\/","title":{"rendered":"Navia, Los Coros y El Trapiche, entre las localidades con temperaturas m\u00e1s bajas"},"content":{"rendered":"\n<p>La Red de Estaciones Meteorol\u00f3gicas report\u00f3 las 30 estaciones con el registro m\u00e1s fr\u00edo de la jornada. Navia, en el departamento Dupuy, con -4,4\u00b0C; Los Coros, de Pueyrred\u00f3n con -4,3\u00b0C y El Trapiche con -4,2\u00b0C lideraron el ranking. Para el fin de semana se anticipa que seguir\u00e1 el fr\u00edo, pero con leve ascenso de las m\u00e1ximas.<\/p>\n\n\n\n<p>Este viernes ser\u00e1 nuevamente una jornada con mucho fr\u00edo y pocos cambios en las temperaturas. El cielo comenzar\u00e1 con nubosidad en aumento, las temperaturas m\u00ednimas promediar\u00e1n 0\u00b0C, con heladas bastante generalizadas; y las m\u00e1ximas estar\u00e1n en torno a los 15\u00b0C. El viento predominar\u00e1 del cuadrante sur, de leve a moderado (12 a 28 km\/h) con algunas r\u00e1fagas.<\/p>\n\n\n\n<p>Para el s\u00e1bado, ma\u00f1ana fr\u00eda y tarde con leve ascenso de las temperaturas. El cielo estar\u00e1 de parcial a mayormente despejado. En promedio, se esperan m\u00ednimas de 1\u00b0C con heladas y m\u00e1ximas de 15\u00b0C. El viento ser\u00e1 del sector noreste.<\/p>\n\n\n\n<p>El domingo ser\u00e1 un d\u00eda con buen tiempo y paulatino ascenso de las temperaturas. El cielo se presentar\u00e1 mayormente despejado. Se esperan m\u00ednimas de 1\u00b0C y m\u00e1ximas de 17\u00b0C. El viento ser\u00e1 del sector norte con algunas r\u00e1fagas.<\/p>\n\n\n\n<p><\/p>\n\n\n\n<figure class=\"wp-block-image size-full\"><img fetchpriority=\"high\" decoding=\"async\" width=\"624\" height=\"750\" src=\"https:\/\/vecinosdelinterior.com\/wp-content\/uploads\/2024\/05\/WhatsApp-Image-2024-05-17-at-7.25.48-AM.jpeg\" alt=\"\" class=\"wp-image-2137\" srcset=\"https:\/\/vecinosdelinterior.com\/wp-content\/uploads\/2024\/05\/WhatsApp-Image-2024-05-17-at-7.25.48-AM.jpeg 624w, https:\/\/vecinosdelinterior.com\/wp-content\/uploads\/2024\/05\/WhatsApp-Image-2024-05-17-at-7.25.48-AM-250x300.jpeg 250w\" sizes=\"(max-width: 624px) 100vw, 624px\" \/><\/figure>\n","protected":false},"excerpt":{"rendered":"<p>La Red de Estaciones Meteorol\u00f3gicas report\u00f3 las 30 estaciones con el registro m\u00e1s fr\u00edo de la jornada. Navia, en el departamento Dupuy, con -4,4\u00b0C; Los Coros, de Pueyrred\u00f3n con -4,3\u00b0C y El Trapiche con -4,2\u00b0C lideraron el ranking. Para el fin de semana se anticipa que seguir\u00e1 el fr\u00edo, pero con leve ascenso de las [&hellip;]<\/p>\n","protected":false},"author":1,"featured_media":2138,"comment_status":"open","ping_status":"open","sticky":false,"template":"","format":"standard","meta":{"footnotes":""},"categories":[1],"tags":[],"class_list":["post-2136","post","type-post","status-publish","format-standard","has-post-thumbnail","hentry","category-blog"],"_links":{"self":[{"href":"https:\/\/vecinosdelinterior.com\/index.php\/wp-json\/wp\/v2\/posts\/2136","targetHints":{"allow":["GET"]}}],"collection":[{"href":"https:\/\/vecinosdelinterior.com\/index.php\/wp-json\/wp\/v2\/posts"}],"about":[{"href":"https:\/\/vecinosdelinterior.com\/index.php\/wp-json\/wp\/v2\/types\/post"}],"author":[{"embeddable":true,"href":"https:\/\/vecinosdelinterior.com\/index.php\/wp-json\/wp\/v2\/users\/1"}],"replies":[{"embeddable":true,"href":"https:\/\/vecinosdelinterior.com\/index.php\/wp-json\/wp\/v2\/comments?post=2136"}],"version-history":[{"count":1,"href":"https:\/\/vecinosdelinterior.com\/index.php\/wp-json\/wp\/v2\/posts\/2136\/revisions"}],"predecessor-version":[{"id":2139,"href":"https:\/\/vecinosdelinterior.com\/index.php\/wp-json\/wp\/v2\/posts\/2136\/revisions\/2139"}],"wp:featuredmedia":[{"embeddable":true,"href":"https:\/\/vecinosdelinterior.com\/index.php\/wp-json\/wp\/v2\/media\/2138"}],"wp:attachment":[{"href":"https:\/\/vecinosdelinterior.com\/index.php\/wp-json\/wp\/v2\/media?parent=2136"}],"wp:term":[{"taxonomy":"category","embeddable":true,"href":"https:\/\/vecinosdelinterior.com\/index.php\/wp-json\/wp\/v2\/categories?post=2136"},{"taxonomy":"post_tag","embeddable":true,"href":"https:\/\/vecinosdelinterior.com\/index.php\/wp-json\/wp\/v2\/tags?post=2136"}],"curies":[{"name":"wp","href":"https:\/\/api.w.org\/{rel}","templated":true}]}}