{"id":2140,"date":"2024-05-17T15:12:27","date_gmt":"2024-05-17T18:12:27","guid":{"rendered":"https:\/\/vecinosdelinterior.com\/?p=2140"},"modified":"2024-05-17T15:13:11","modified_gmt":"2024-05-17T18:13:11","slug":"naschel-tendra-un-monumento-y-paseo-de-malvinas","status":"publish","type":"post","link":"https:\/\/vecinosdelinterior.com\/index.php\/2024\/05\/17\/naschel-tendra-un-monumento-y-paseo-de-malvinas\/","title":{"rendered":"Naschel tendr\u00e1 un monumento y paseo de Malvinas."},"content":{"rendered":"\n<p>La gesti\u00f3n de la Intendente Valeria Kuhn est\u00e1 realizando una obra cultural que la localidad no ten\u00eda y se estipula que la inauguraci\u00f3n ser\u00e1 a mediados del mes de junio.<br>Ya con el dise\u00f1o listo, el municipio comenz\u00f3 con los trabajos en el lugar d\u00f3nde quedar\u00e1 emplazado el monumento y el paseo en homenaje a los combatientes de Malvinas.<\/p>\n\n\n\n<figure class=\"wp-block-gallery has-nested-images columns-default is-cropped wp-block-gallery-1 is-layout-flex wp-block-gallery-is-layout-flex\">\n<figure class=\"wp-block-image size-large\"><img fetchpriority=\"high\" decoding=\"async\" width=\"899\" height=\"899\" data-id=\"2142\" src=\"https:\/\/vecinosdelinterior.com\/wp-content\/uploads\/2024\/05\/442446482_305802095903817_71700906498870409_n.jpg\" alt=\"\" class=\"wp-image-2142\" srcset=\"https:\/\/vecinosdelinterior.com\/wp-content\/uploads\/2024\/05\/442446482_305802095903817_71700906498870409_n.jpg 899w, https:\/\/vecinosdelinterior.com\/wp-content\/uploads\/2024\/05\/442446482_305802095903817_71700906498870409_n-300x300.jpg 300w, https:\/\/vecinosdelinterior.com\/wp-content\/uploads\/2024\/05\/442446482_305802095903817_71700906498870409_n-150x150.jpg 150w, https:\/\/vecinosdelinterior.com\/wp-content\/uploads\/2024\/05\/442446482_305802095903817_71700906498870409_n-768x768.jpg 768w, https:\/\/vecinosdelinterior.com\/wp-content\/uploads\/2024\/05\/442446482_305802095903817_71700906498870409_n-75x75.jpg 75w, https:\/\/vecinosdelinterior.com\/wp-content\/uploads\/2024\/05\/442446482_305802095903817_71700906498870409_n-750x750.jpg 750w\" sizes=\"(max-width: 899px) 100vw, 899px\" \/><\/figure>\n\n\n\n<figure class=\"wp-block-image size-large\"><img decoding=\"async\" width=\"899\" height=\"899\" data-id=\"2144\" src=\"https:\/\/vecinosdelinterior.com\/wp-content\/uploads\/2024\/05\/442417285_305802055903821_7776848357671459933_n.jpg\" alt=\"\" class=\"wp-image-2144\" srcset=\"https:\/\/vecinosdelinterior.com\/wp-content\/uploads\/2024\/05\/442417285_305802055903821_7776848357671459933_n.jpg 899w, https:\/\/vecinosdelinterior.com\/wp-content\/uploads\/2024\/05\/442417285_305802055903821_7776848357671459933_n-300x300.jpg 300w, https:\/\/vecinosdelinterior.com\/wp-content\/uploads\/2024\/05\/442417285_305802055903821_7776848357671459933_n-150x150.jpg 150w, https:\/\/vecinosdelinterior.com\/wp-content\/uploads\/2024\/05\/442417285_305802055903821_7776848357671459933_n-768x768.jpg 768w, https:\/\/vecinosdelinterior.com\/wp-content\/uploads\/2024\/05\/442417285_305802055903821_7776848357671459933_n-75x75.jpg 75w, https:\/\/vecinosdelinterior.com\/wp-content\/uploads\/2024\/05\/442417285_305802055903821_7776848357671459933_n-750x750.jpg 750w\" sizes=\"(max-width: 899px) 100vw, 899px\" \/><\/figure>\n\n\n\n<figure class=\"wp-block-image size-large\"><img decoding=\"async\" width=\"900\" height=\"900\" data-id=\"2143\" src=\"https:\/\/vecinosdelinterior.com\/wp-content\/uploads\/2024\/05\/442421282_305802019237158_8629948101516635300_n-1.jpg\" alt=\"\" class=\"wp-image-2143\" srcset=\"https:\/\/vecinosdelinterior.com\/wp-content\/uploads\/2024\/05\/442421282_305802019237158_8629948101516635300_n-1.jpg 900w, https:\/\/vecinosdelinterior.com\/wp-content\/uploads\/2024\/05\/442421282_305802019237158_8629948101516635300_n-1-300x300.jpg 300w, https:\/\/vecinosdelinterior.com\/wp-content\/uploads\/2024\/05\/442421282_305802019237158_8629948101516635300_n-1-150x150.jpg 150w, https:\/\/vecinosdelinterior.com\/wp-content\/uploads\/2024\/05\/442421282_305802019237158_8629948101516635300_n-1-768x768.jpg 768w, https:\/\/vecinosdelinterior.com\/wp-content\/uploads\/2024\/05\/442421282_305802019237158_8629948101516635300_n-1-75x75.jpg 75w, https:\/\/vecinosdelinterior.com\/wp-content\/uploads\/2024\/05\/442421282_305802019237158_8629948101516635300_n-1-750x750.jpg 750w\" sizes=\"(max-width: 900px) 100vw, 900px\" \/><\/figure>\n<\/figure>\n","protected":false},"excerpt":{"rendered":"<p>La gesti\u00f3n de la Intendente Valeria Kuhn est\u00e1 realizando una obra cultural que la localidad no ten\u00eda y se estipula que la inauguraci\u00f3n ser\u00e1 a mediados del mes de junio.Ya con el dise\u00f1o listo, el municipio comenz\u00f3 con los trabajos en el lugar d\u00f3nde quedar\u00e1 emplazado el monumento y el paseo en homenaje a los [&hellip;]<\/p>\n","protected":false},"author":1,"featured_media":2143,"comment_status":"open","ping_status":"open","sticky":false,"template":"","format":"standard","meta":{"footnotes":""},"categories":[29,91],"tags":[177,175],"class_list":["post-2140","post","type-post","status-publish","format-standard","has-post-thumbnail","hentry","category-chacabuco","category-naschel","tag-gestiones-destacadas","tag-turismo"],"_links":{"self":[{"href":"https:\/\/vecinosdelinterior.com\/index.php\/wp-json\/wp\/v2\/posts\/2140","targetHints":{"allow":["GET"]}}],"collection":[{"href":"https:\/\/vecinosdelinterior.com\/index.php\/wp-json\/wp\/v2\/posts"}],"about":[{"href":"https:\/\/vecinosdelinterior.com\/index.php\/wp-json\/wp\/v2\/types\/post"}],"author":[{"embeddable":true,"href":"https:\/\/vecinosdelinterior.com\/index.php\/wp-json\/wp\/v2\/users\/1"}],"replies":[{"embeddable":true,"href":"https:\/\/vecinosdelinterior.com\/index.php\/wp-json\/wp\/v2\/comments?post=2140"}],"version-history":[{"count":1,"href":"https:\/\/vecinosdelinterior.com\/index.php\/wp-json\/wp\/v2\/posts\/2140\/revisions"}],"predecessor-version":[{"id":2145,"href":"https:\/\/vecinosdelinterior.com\/index.php\/wp-json\/wp\/v2\/posts\/2140\/revisions\/2145"}],"wp:featuredmedia":[{"embeddable":true,"href":"https:\/\/vecinosdelinterior.com\/index.php\/wp-json\/wp\/v2\/media\/2143"}],"wp:attachment":[{"href":"https:\/\/vecinosdelinterior.com\/index.php\/wp-json\/wp\/v2\/media?parent=2140"}],"wp:term":[{"taxonomy":"category","embeddable":true,"href":"https:\/\/vecinosdelinterior.com\/index.php\/wp-json\/wp\/v2\/categories?post=2140"},{"taxonomy":"post_tag","embeddable":true,"href":"https:\/\/vecinosdelinterior.com\/index.php\/wp-json\/wp\/v2\/tags?post=2140"}],"curies":[{"name":"wp","href":"https:\/\/api.w.org\/{rel}","templated":true}]}}