{"id":2149,"date":"2024-05-18T12:03:51","date_gmt":"2024-05-18T15:03:51","guid":{"rendered":"https:\/\/vecinosdelinterior.com\/?p=2149"},"modified":"2024-05-18T12:03:52","modified_gmt":"2024-05-18T15:03:52","slug":"santa-rosa-ya-vibra-con-el-rally-sanluiseno","status":"publish","type":"post","link":"https:\/\/vecinosdelinterior.com\/index.php\/2024\/05\/18\/santa-rosa-ya-vibra-con-el-rally-sanluiseno\/","title":{"rendered":"Santa Rosa ya vibra con el rally sanluise\u00f1o"},"content":{"rendered":"\n<p><\/p>\n\n\n\n<p>A pesar del fr\u00edo, la gente respondi\u00f3 de gran manera y cop\u00f3 la plaza Pringles de Santa Rosa del Conlara, escenario donde se desarroll\u00f3 la rampa simb\u00f3lica que dio inicio oficial a la tercera fecha de la temporada del Rally de San Luis.<\/p>\n\n\n\n<p>Este viernes por la noche, los cincuenta y un binomios recibieron el cari\u00f1o de los fan\u00e1ticos, quienes este s\u00e1bado se volcar\u00e1n de lleno al camino a ver la acci\u00f3n de la primera etapa.<\/p>\n\n\n\n<p>La actividad comenzar\u00e1 a las 10:48, con el tramo que unir\u00e1 Concar\u00e1n con Los Lobos, de 8,14 kil\u00f3metros. Luego, a las 11:06, se largar\u00e1 el segundo segmento del d\u00eda entre Los Lobos y Santa Rosa, otros 16,15 kil\u00f3metros. Este dibujo se repetir\u00e1 por la tarde, para concluir la jornada.<\/p>\n\n\n\n<p>En cuanto al orden de largada, ser\u00e1 Federico Bassi el encargado de abrir el camino. \u00abFridy\u00bb, luego de m\u00e1s de 10 temporadas, volver\u00e1 a tener de navegante a su amigo Federico \u00abS\u00fagus\u00bb Guevara.<\/p>\n\n\n\n<p>Detr\u00e1s se encolumnar\u00e1n Fernando Pela, el bonaerense Emanuel Bracco, Cristian Gonz\u00e1lez, Luis Garc\u00eda; Servando Etchepare: David Cavallera; Diego Samper, Nelson Su\u00e1rez y el tomense Mario Rasso, quien har\u00e1 su debut con un Peugeot de la clase Junior.<\/p>\n\n\n\n<p>EDDLR<\/p>\n","protected":false},"excerpt":{"rendered":"<p>A pesar del fr\u00edo, la gente respondi\u00f3 de gran manera y cop\u00f3 la plaza Pringles de Santa Rosa del Conlara, escenario donde se desarroll\u00f3 la rampa simb\u00f3lica que dio inicio oficial a la tercera fecha de la temporada del Rally de San Luis. Este viernes por la noche, los cincuenta y un binomios recibieron el [&hellip;]<\/p>\n","protected":false},"author":1,"featured_media":2150,"comment_status":"open","ping_status":"open","sticky":false,"template":"","format":"standard","meta":{"footnotes":""},"categories":[23,45],"tags":[190],"class_list":["post-2149","post","type-post","status-publish","format-standard","has-post-thumbnail","hentry","category-junin","category-santa-rosa-del-conlara","tag-rally"],"_links":{"self":[{"href":"https:\/\/vecinosdelinterior.com\/index.php\/wp-json\/wp\/v2\/posts\/2149","targetHints":{"allow":["GET"]}}],"collection":[{"href":"https:\/\/vecinosdelinterior.com\/index.php\/wp-json\/wp\/v2\/posts"}],"about":[{"href":"https:\/\/vecinosdelinterior.com\/index.php\/wp-json\/wp\/v2\/types\/post"}],"author":[{"embeddable":true,"href":"https:\/\/vecinosdelinterior.com\/index.php\/wp-json\/wp\/v2\/users\/1"}],"replies":[{"embeddable":true,"href":"https:\/\/vecinosdelinterior.com\/index.php\/wp-json\/wp\/v2\/comments?post=2149"}],"version-history":[{"count":1,"href":"https:\/\/vecinosdelinterior.com\/index.php\/wp-json\/wp\/v2\/posts\/2149\/revisions"}],"predecessor-version":[{"id":2151,"href":"https:\/\/vecinosdelinterior.com\/index.php\/wp-json\/wp\/v2\/posts\/2149\/revisions\/2151"}],"wp:featuredmedia":[{"embeddable":true,"href":"https:\/\/vecinosdelinterior.com\/index.php\/wp-json\/wp\/v2\/media\/2150"}],"wp:attachment":[{"href":"https:\/\/vecinosdelinterior.com\/index.php\/wp-json\/wp\/v2\/media?parent=2149"}],"wp:term":[{"taxonomy":"category","embeddable":true,"href":"https:\/\/vecinosdelinterior.com\/index.php\/wp-json\/wp\/v2\/categories?post=2149"},{"taxonomy":"post_tag","embeddable":true,"href":"https:\/\/vecinosdelinterior.com\/index.php\/wp-json\/wp\/v2\/tags?post=2149"}],"curies":[{"name":"wp","href":"https:\/\/api.w.org\/{rel}","templated":true}]}}