{"id":2178,"date":"2024-05-27T10:44:58","date_gmt":"2024-05-27T13:44:58","guid":{"rendered":"https:\/\/vecinosdelinterior.com\/?p=2178"},"modified":"2024-05-27T10:44:59","modified_gmt":"2024-05-27T13:44:59","slug":"fraga-celebro-el-aniversario-patrio-con-una-gran-kermes-criolla","status":"publish","type":"post","link":"https:\/\/vecinosdelinterior.com\/index.php\/2024\/05\/27\/fraga-celebro-el-aniversario-patrio-con-una-gran-kermes-criolla\/","title":{"rendered":"Fraga celebr\u00f3 el aniversario patrio con una gran kerm\u00e9s criolla"},"content":{"rendered":"\n<p>Fue el s\u00e1bado al mediod\u00eda, en el Club Deportivo. Hubo baile, bingo, m\u00fasica y comidas t\u00edpicas para disfrutar en familia.<\/p>\n\n\n\n<p>Fraga celebr\u00f3 el 214\u00b0 aniversario de la Revoluci\u00f3n de Mayo de 1810 con bailes, bingo, m\u00fasica y comidas t\u00edpicas que las familias del pueblo disfrutaron en el Club Deportivo Fraga a pesar del fr\u00edo.<\/p>\n\n\n\n<p>El evento estuvo encabezado por el intendente, Gast\u00f3n Argenio, y fue organizado por el \u00e1rea de Discapacidad Municipal y la secretar\u00eda de Personas con Discapacidad.<\/p>\n\n\n\n<p>La kerm\u00e9s comenz\u00f3 con palabras del Intendente, que agradeci\u00f3 a todos por su participaci\u00f3n y, acto seguido, se entonaron las estrofas del Himno Nacional Argentino, que tuvo tambi\u00e9n su versi\u00f3n en lengua de se\u00f1as, interpretada por Gabriela Barroso.<\/p>\n\n\n\n<p>Las tradicionales empanadas, locro, pastelitos, tortas fritas y el mate no faltaron y le pusieron calor a la fr\u00eda tarde. Con la locuci\u00f3n de Mario D\u00edaz, chicos y grandes disfrutaron del bingo, que tuvo un premio de $10.000 al cart\u00f3n lleno.<\/p>\n\n\n\n<p>Hubo lugar para el tradicional peric\u00f3n nacional, pero tambi\u00e9n para el tango, con la pareja Mar\u00eda Jos\u00e9 Barrios y Eris Gonz\u00e1lez. Despu\u00e9s fue el turno de los ni\u00f1os y adolescentes de la academia Esp\u00edritu Folcl\u00f3rico, que regalaron zambas, gatos y chacareras.<\/p>\n\n\n\n<p>La ocasi\u00f3n tambi\u00e9n sirvi\u00f3 para darle una emotiva despedida a la empleada municipal Elena Servin, valorando su persona y reconociendo sus m\u00e9ritos al servicio de la comunidad en el \u00e1rea de discapacidad.<\/p>\n\n\n\n<figure class=\"wp-block-gallery has-nested-images columns-default is-cropped wp-block-gallery-1 is-layout-flex wp-block-gallery-is-layout-flex\">\n<figure class=\"wp-block-image size-large\"><img fetchpriority=\"high\" decoding=\"async\" width=\"1024\" height=\"683\" data-id=\"2181\" src=\"https:\/\/vecinosdelinterior.com\/wp-content\/uploads\/2024\/05\/kermes-criolla-Fraga_25-05-2024_11-2048x1365-2-1024x683.jpg\" alt=\"\" class=\"wp-image-2181\" srcset=\"https:\/\/vecinosdelinterior.com\/wp-content\/uploads\/2024\/05\/kermes-criolla-Fraga_25-05-2024_11-2048x1365-2-1024x683.jpg 1024w, https:\/\/vecinosdelinterior.com\/wp-content\/uploads\/2024\/05\/kermes-criolla-Fraga_25-05-2024_11-2048x1365-2-300x200.jpg 300w, https:\/\/vecinosdelinterior.com\/wp-content\/uploads\/2024\/05\/kermes-criolla-Fraga_25-05-2024_11-2048x1365-2-768x512.jpg 768w, https:\/\/vecinosdelinterior.com\/wp-content\/uploads\/2024\/05\/kermes-criolla-Fraga_25-05-2024_11-2048x1365-2-1536x1024.jpg 1536w, https:\/\/vecinosdelinterior.com\/wp-content\/uploads\/2024\/05\/kermes-criolla-Fraga_25-05-2024_11-2048x1365-2-750x500.jpg 750w, https:\/\/vecinosdelinterior.com\/wp-content\/uploads\/2024\/05\/kermes-criolla-Fraga_25-05-2024_11-2048x1365-2-1140x760.jpg 1140w, https:\/\/vecinosdelinterior.com\/wp-content\/uploads\/2024\/05\/kermes-criolla-Fraga_25-05-2024_11-2048x1365-2.jpg 2048w\" sizes=\"(max-width: 1024px) 100vw, 1024px\" \/><\/figure>\n\n\n\n<figure class=\"wp-block-image size-large\"><img decoding=\"async\" width=\"1024\" height=\"683\" data-id=\"2182\" src=\"https:\/\/vecinosdelinterior.com\/wp-content\/uploads\/2024\/05\/kermes-criolla-Fraga_25-05-2024_09-2048x1365-2-1024x683.jpg\" alt=\"\" class=\"wp-image-2182\" srcset=\"https:\/\/vecinosdelinterior.com\/wp-content\/uploads\/2024\/05\/kermes-criolla-Fraga_25-05-2024_09-2048x1365-2-1024x683.jpg 1024w, https:\/\/vecinosdelinterior.com\/wp-content\/uploads\/2024\/05\/kermes-criolla-Fraga_25-05-2024_09-2048x1365-2-300x200.jpg 300w, https:\/\/vecinosdelinterior.com\/wp-content\/uploads\/2024\/05\/kermes-criolla-Fraga_25-05-2024_09-2048x1365-2-768x512.jpg 768w, https:\/\/vecinosdelinterior.com\/wp-content\/uploads\/2024\/05\/kermes-criolla-Fraga_25-05-2024_09-2048x1365-2-1536x1024.jpg 1536w, https:\/\/vecinosdelinterior.com\/wp-content\/uploads\/2024\/05\/kermes-criolla-Fraga_25-05-2024_09-2048x1365-2-750x500.jpg 750w, https:\/\/vecinosdelinterior.com\/wp-content\/uploads\/2024\/05\/kermes-criolla-Fraga_25-05-2024_09-2048x1365-2-1140x760.jpg 1140w, https:\/\/vecinosdelinterior.com\/wp-content\/uploads\/2024\/05\/kermes-criolla-Fraga_25-05-2024_09-2048x1365-2.jpg 2048w\" sizes=\"(max-width: 1024px) 100vw, 1024px\" \/><\/figure>\n<\/figure>\n","protected":false},"excerpt":{"rendered":"<p>Fue el s\u00e1bado al mediod\u00eda, en el Club Deportivo. Hubo baile, bingo, m\u00fasica y comidas t\u00edpicas para disfrutar en familia. Fraga celebr\u00f3 el 214\u00b0 aniversario de la Revoluci\u00f3n de Mayo de 1810 con bailes, bingo, m\u00fasica y comidas t\u00edpicas que las familias del pueblo disfrutaron en el Club Deportivo Fraga a pesar del fr\u00edo. El [&hellip;]<\/p>\n","protected":false},"author":1,"featured_media":2180,"comment_status":"open","ping_status":"open","sticky":false,"template":"","format":"standard","meta":{"footnotes":""},"categories":[318],"tags":[],"class_list":["post-2178","post","type-post","status-publish","format-standard","has-post-thumbnail","hentry","category-fraga"],"_links":{"self":[{"href":"https:\/\/vecinosdelinterior.com\/index.php\/wp-json\/wp\/v2\/posts\/2178","targetHints":{"allow":["GET"]}}],"collection":[{"href":"https:\/\/vecinosdelinterior.com\/index.php\/wp-json\/wp\/v2\/posts"}],"about":[{"href":"https:\/\/vecinosdelinterior.com\/index.php\/wp-json\/wp\/v2\/types\/post"}],"author":[{"embeddable":true,"href":"https:\/\/vecinosdelinterior.com\/index.php\/wp-json\/wp\/v2\/users\/1"}],"replies":[{"embeddable":true,"href":"https:\/\/vecinosdelinterior.com\/index.php\/wp-json\/wp\/v2\/comments?post=2178"}],"version-history":[{"count":1,"href":"https:\/\/vecinosdelinterior.com\/index.php\/wp-json\/wp\/v2\/posts\/2178\/revisions"}],"predecessor-version":[{"id":2183,"href":"https:\/\/vecinosdelinterior.com\/index.php\/wp-json\/wp\/v2\/posts\/2178\/revisions\/2183"}],"wp:featuredmedia":[{"embeddable":true,"href":"https:\/\/vecinosdelinterior.com\/index.php\/wp-json\/wp\/v2\/media\/2180"}],"wp:attachment":[{"href":"https:\/\/vecinosdelinterior.com\/index.php\/wp-json\/wp\/v2\/media?parent=2178"}],"wp:term":[{"taxonomy":"category","embeddable":true,"href":"https:\/\/vecinosdelinterior.com\/index.php\/wp-json\/wp\/v2\/categories?post=2178"},{"taxonomy":"post_tag","embeddable":true,"href":"https:\/\/vecinosdelinterior.com\/index.php\/wp-json\/wp\/v2\/tags?post=2178"}],"curies":[{"name":"wp","href":"https:\/\/api.w.org\/{rel}","templated":true}]}}