{"id":2196,"date":"2024-05-29T10:52:43","date_gmt":"2024-05-29T13:52:43","guid":{"rendered":"https:\/\/vecinosdelinterior.com\/?p=2196"},"modified":"2024-05-29T10:52:43","modified_gmt":"2024-05-29T13:52:43","slug":"abriran-el-empadronamiento-para-utilizar-el-ramal-los-lobos-del-acueducto-san-martin","status":"publish","type":"post","link":"https:\/\/vecinosdelinterior.com\/index.php\/2024\/05\/29\/abriran-el-empadronamiento-para-utilizar-el-ramal-los-lobos-del-acueducto-san-martin\/","title":{"rendered":"Abrir\u00e1n el empadronamiento para utilizar el ramal Los Lobos del acueducto San Mart\u00edn"},"content":{"rendered":"\n<p>El encuentro se realizar\u00e1 este jueves en la Escuela \u2018Granadero Mauricio P\u00e9rez\u2019, ubicada en Puerta Colorada, San Mart\u00edn, de 9:00 a 13:00 para los que soliciten ingresar como usuarios del servicio de agua cruda. Tambi\u00e9n deber\u00e1n regularizar su situaci\u00f3n los usuarios que no lo han hecho.<\/p>\n\n\n\n<p>San Luis Agua organiz\u00f3 un encuentro con las personas que quieran contar con el servicio de agua cruda del ramal Los Lobos del acueducto San Mart\u00edn. En la reuni\u00f3n, los que deseen realizar la conexi\u00f3n al sistema deber\u00e1n acudir con la documentaci\u00f3n requerida para ser usuarios. Ser\u00e1 este jueves 30 en el sal\u00f3n de la Escuela \u2018Granadero Mauricio P\u00e9rez\u2019, ubicada en Puerta Colorada en el departamento de San Mart\u00edn, de 9:00 a 13:00.<\/p>\n\n\n\n<figure class=\"wp-block-image size-full\"><img fetchpriority=\"high\" decoding=\"async\" width=\"345\" height=\"345\" src=\"https:\/\/vecinosdelinterior.com\/wp-content\/uploads\/2023\/08\/publi-345x345-1.jpg\" alt=\"\" class=\"wp-image-567\" srcset=\"https:\/\/vecinosdelinterior.com\/wp-content\/uploads\/2023\/08\/publi-345x345-1.jpg 345w, https:\/\/vecinosdelinterior.com\/wp-content\/uploads\/2023\/08\/publi-345x345-1-300x300.jpg 300w, https:\/\/vecinosdelinterior.com\/wp-content\/uploads\/2023\/08\/publi-345x345-1-150x150.jpg 150w, https:\/\/vecinosdelinterior.com\/wp-content\/uploads\/2023\/08\/publi-345x345-1-75x75.jpg 75w\" sizes=\"(max-width: 345px) 100vw, 345px\" \/><\/figure>\n\n\n\n<p>Deber\u00e1n acudir para aprovechar esta instancia con el formulario completo que se entrega en el relevamiento y la documentaci\u00f3n del usuario y su campo: t\u00edtulo de propiedad o boleto de compraventa, constancia de juicio sucesorio en tr\u00e1mite, DNI del solicitante, mensura o croquis y boleta de impuestos. En caso de no poseer ning\u00fan \u00edtem de los ya mencionados, los aspirantes podr\u00e1n presentar una declaraci\u00f3n jurada con dos testigos ante el Juez de Paz y as\u00ed poder acreditar la posesi\u00f3n del inmueble.<\/p>\n\n\n\n<figure class=\"wp-block-image size-large\"><img decoding=\"async\" width=\"1024\" height=\"768\" src=\"https:\/\/vecinosdelinterior.com\/wp-content\/uploads\/2024\/05\/San-Martin-1-1-1536x1152-1-1024x768.jpeg\" alt=\"\" class=\"wp-image-2197\" srcset=\"https:\/\/vecinosdelinterior.com\/wp-content\/uploads\/2024\/05\/San-Martin-1-1-1536x1152-1-1024x768.jpeg 1024w, https:\/\/vecinosdelinterior.com\/wp-content\/uploads\/2024\/05\/San-Martin-1-1-1536x1152-1-300x225.jpeg 300w, https:\/\/vecinosdelinterior.com\/wp-content\/uploads\/2024\/05\/San-Martin-1-1-1536x1152-1-768x576.jpeg 768w, https:\/\/vecinosdelinterior.com\/wp-content\/uploads\/2024\/05\/San-Martin-1-1-1536x1152-1-750x563.jpeg 750w, https:\/\/vecinosdelinterior.com\/wp-content\/uploads\/2024\/05\/San-Martin-1-1-1536x1152-1-1140x855.jpeg 1140w, https:\/\/vecinosdelinterior.com\/wp-content\/uploads\/2024\/05\/San-Martin-1-1-1536x1152-1.jpeg 1536w\" sizes=\"(max-width: 1024px) 100vw, 1024px\" \/><\/figure>\n","protected":false},"excerpt":{"rendered":"<p>El encuentro se realizar\u00e1 este jueves en la Escuela \u2018Granadero Mauricio P\u00e9rez\u2019, ubicada en Puerta Colorada, San Mart\u00edn, de 9:00 a 13:00 para los que soliciten ingresar como usuarios del servicio de agua cruda. Tambi\u00e9n deber\u00e1n regularizar su situaci\u00f3n los usuarios que no lo han hecho. San Luis Agua organiz\u00f3 un encuentro con las personas [&hellip;]<\/p>\n","protected":false},"author":1,"featured_media":2197,"comment_status":"open","ping_status":"open","sticky":false,"template":"","format":"standard","meta":{"footnotes":""},"categories":[67],"tags":[],"class_list":["post-2196","post","type-post","status-publish","format-standard","has-post-thumbnail","hentry","category-san-martin"],"_links":{"self":[{"href":"https:\/\/vecinosdelinterior.com\/index.php\/wp-json\/wp\/v2\/posts\/2196","targetHints":{"allow":["GET"]}}],"collection":[{"href":"https:\/\/vecinosdelinterior.com\/index.php\/wp-json\/wp\/v2\/posts"}],"about":[{"href":"https:\/\/vecinosdelinterior.com\/index.php\/wp-json\/wp\/v2\/types\/post"}],"author":[{"embeddable":true,"href":"https:\/\/vecinosdelinterior.com\/index.php\/wp-json\/wp\/v2\/users\/1"}],"replies":[{"embeddable":true,"href":"https:\/\/vecinosdelinterior.com\/index.php\/wp-json\/wp\/v2\/comments?post=2196"}],"version-history":[{"count":1,"href":"https:\/\/vecinosdelinterior.com\/index.php\/wp-json\/wp\/v2\/posts\/2196\/revisions"}],"predecessor-version":[{"id":2198,"href":"https:\/\/vecinosdelinterior.com\/index.php\/wp-json\/wp\/v2\/posts\/2196\/revisions\/2198"}],"wp:featuredmedia":[{"embeddable":true,"href":"https:\/\/vecinosdelinterior.com\/index.php\/wp-json\/wp\/v2\/media\/2197"}],"wp:attachment":[{"href":"https:\/\/vecinosdelinterior.com\/index.php\/wp-json\/wp\/v2\/media?parent=2196"}],"wp:term":[{"taxonomy":"category","embeddable":true,"href":"https:\/\/vecinosdelinterior.com\/index.php\/wp-json\/wp\/v2\/categories?post=2196"},{"taxonomy":"post_tag","embeddable":true,"href":"https:\/\/vecinosdelinterior.com\/index.php\/wp-json\/wp\/v2\/tags?post=2196"}],"curies":[{"name":"wp","href":"https:\/\/api.w.org\/{rel}","templated":true}]}}