{"id":2208,"date":"2024-05-30T20:45:29","date_gmt":"2024-05-30T23:45:29","guid":{"rendered":"https:\/\/vecinosdelinterior.com\/?p=2208"},"modified":"2024-05-30T20:45:29","modified_gmt":"2024-05-30T23:45:29","slug":"brindaron-una-capacitacion-en-eficiencia-energetica-en-villa-de-la-quebrada","status":"publish","type":"post","link":"https:\/\/vecinosdelinterior.com\/index.php\/2024\/05\/30\/brindaron-una-capacitacion-en-eficiencia-energetica-en-villa-de-la-quebrada\/","title":{"rendered":"Brindaron una capacitaci\u00f3n en eficiencia energ\u00e9tica en Villa de la Quebrada"},"content":{"rendered":"\n<p><\/p>\n\n\n\n<p>El Plan de Eficiencia Energ\u00e9tica sigue su marcha, esta vez en la localidad tur\u00edstica de Villa de la Quebrada. La primera jornada tuvo lugar este jueves y 30 trabajadores se capacitaron sobre el ahorro de energ\u00eda en los edificios municipales.<\/p>\n\n\n\n<p>El plan de eficiencia energ\u00e9tica est\u00e1 pensado para los municipios y sus ciudadanos, la idea es aplicarlo sistem\u00e1ticamente para capacitar y educar sobre la transici\u00f3n a energ\u00edas verdes. El objetivo es implementar eficiencia energ\u00e9tica en las localidades mediante la aplicaci\u00f3n de diversas medidas de gesti\u00f3n, nuevos h\u00e1bitos de uso de la energ\u00eda en la comunidad e inversiones en tecnolog\u00edas m\u00e1s eficientes, sin afectar el confort y calidad de vida de los habitantes.<\/p>\n\n\n\n<p>Con un diagn\u00f3stico, los recursos y herramientas necesarias, los espacios formativos permitir\u00e1n el desarrollo de medidas para disminuir el consumo energ\u00e9tico.<\/p>\n\n\n\n<p>\u201cEn esta primera instancia, las visitas estar\u00e1n destinadas a realizar un diagn\u00f3stico, y a partir de all\u00ed generar una matriz de c\u00e1lculo energ\u00e9tico por municipio, para aplicar pol\u00edticas gubernamentales orientadas a la eficiencia energ\u00e9tica\u201d, afirm\u00f3 el director de Gesti\u00f3n Ambiental de Recursos Energ\u00e9ticos, Nicol\u00e1s Ramos.<\/p>\n\n\n\n<p>San Francisco ser\u00e1 la tercera localidad que recibir\u00e1 a los capacitadores de la cartera ambiental en un encuentro previsto para el jueves 6 de junio. La secretar\u00eda de Ambiente realizar\u00e1 el diagn\u00f3stico, evaluaci\u00f3n y posibles soluciones para optimizar el consumo de energ\u00eda y generar ahorro en los edificios p\u00fablicos de ambas localidades.<\/p>\n\n\n\n<p><\/p>\n","protected":false},"excerpt":{"rendered":"<p>El Plan de Eficiencia Energ\u00e9tica sigue su marcha, esta vez en la localidad tur\u00edstica de Villa de la Quebrada. La primera jornada tuvo lugar este jueves y 30 trabajadores se capacitaron sobre el ahorro de energ\u00eda en los edificios municipales. El plan de eficiencia energ\u00e9tica est\u00e1 pensado para los municipios y sus ciudadanos, la idea [&hellip;]<\/p>\n","protected":false},"author":1,"featured_media":2209,"comment_status":"open","ping_status":"open","sticky":false,"template":"","format":"standard","meta":{"footnotes":""},"categories":[92,93],"tags":[],"class_list":["post-2208","post","type-post","status-publish","format-standard","has-post-thumbnail","hentry","category-belgrano","category-villa-de-la-quebrada"],"_links":{"self":[{"href":"https:\/\/vecinosdelinterior.com\/index.php\/wp-json\/wp\/v2\/posts\/2208","targetHints":{"allow":["GET"]}}],"collection":[{"href":"https:\/\/vecinosdelinterior.com\/index.php\/wp-json\/wp\/v2\/posts"}],"about":[{"href":"https:\/\/vecinosdelinterior.com\/index.php\/wp-json\/wp\/v2\/types\/post"}],"author":[{"embeddable":true,"href":"https:\/\/vecinosdelinterior.com\/index.php\/wp-json\/wp\/v2\/users\/1"}],"replies":[{"embeddable":true,"href":"https:\/\/vecinosdelinterior.com\/index.php\/wp-json\/wp\/v2\/comments?post=2208"}],"version-history":[{"count":1,"href":"https:\/\/vecinosdelinterior.com\/index.php\/wp-json\/wp\/v2\/posts\/2208\/revisions"}],"predecessor-version":[{"id":2210,"href":"https:\/\/vecinosdelinterior.com\/index.php\/wp-json\/wp\/v2\/posts\/2208\/revisions\/2210"}],"wp:featuredmedia":[{"embeddable":true,"href":"https:\/\/vecinosdelinterior.com\/index.php\/wp-json\/wp\/v2\/media\/2209"}],"wp:attachment":[{"href":"https:\/\/vecinosdelinterior.com\/index.php\/wp-json\/wp\/v2\/media?parent=2208"}],"wp:term":[{"taxonomy":"category","embeddable":true,"href":"https:\/\/vecinosdelinterior.com\/index.php\/wp-json\/wp\/v2\/categories?post=2208"},{"taxonomy":"post_tag","embeddable":true,"href":"https:\/\/vecinosdelinterior.com\/index.php\/wp-json\/wp\/v2\/tags?post=2208"}],"curies":[{"name":"wp","href":"https:\/\/api.w.org\/{rel}","templated":true}]}}