{"id":2217,"date":"2024-05-31T20:18:55","date_gmt":"2024-05-31T23:18:55","guid":{"rendered":"https:\/\/vecinosdelinterior.com\/?p=2217"},"modified":"2024-05-31T20:18:55","modified_gmt":"2024-05-31T23:18:55","slug":"transporte-interurbano-el-corredor-san-martin-se-extiende-hasta-las-chacras","status":"publish","type":"post","link":"https:\/\/vecinosdelinterior.com\/index.php\/2024\/05\/31\/transporte-interurbano-el-corredor-san-martin-se-extiende-hasta-las-chacras\/","title":{"rendered":"Transporte Interurbano: el corredor San Mart\u00edn se extiende hasta Las Chacras"},"content":{"rendered":"\n<p>La direcci\u00f3n de Transporte logr\u00f3 extender la frecuencia y horarios, mejorando la conectividad entre la localidad de las Chacras con San Mart\u00edn y la ciudad de San Luis.<\/p>\n\n\n\n<p>El pasado martes se llev\u00f3 a cabo una reuni\u00f3n entre la directora de Transporte, Roc\u00edo Leyes junto al subdirector de Gesti\u00f3n, Supervisi\u00f3n y Control del Sistema de Transporte no Regular, Gabriel Busto y la intendente de la localidad de Las Chacras, Sandra Altamirano con el objetivo de articular gesti\u00f3n para extender el corredor San Mart\u00edn hasta dicho municipio.<\/p>\n\n\n\n<p>\u201cLa extensi\u00f3n del recorrido estar\u00e1 a cargo de la empresa Blanca Paloma y ser\u00e1n los martes y jueves\u201d, inform\u00f3 la directora de Transporte. \u201cEsta decisi\u00f3n se tom\u00f3 con el fin de permitir a los habitantes de Las Chacras acceder a los turnos m\u00e9dicos, que tanto requieren y era una urgencia, ya que hasta el momento se enfrentan con dificultades para viajar a la ciudad\u201d, finaliz\u00f3 Leyes.<\/p>\n\n\n\n<p><strong>D\u00edas, horarios y valores<\/strong><\/p>\n\n\n\n<p>Martes y jueves<\/p>\n\n\n\n<p>De San Mart\u00edn a San Luis: 5:00 \u2013 Valor: $7.000.<br>Llega a las Chacras: 5:45 \u2013 Valor: $6.200.<\/p>\n\n\n\n<p>De San Luis a San Mart\u00edn: 15:00 \u2013 Valor: $7.000.<br>Llega a las Chacras: 17:55 \u2013 Valor: $6.200.<\/p>\n\n\n\n<p>La tarifa de Praga a San Luis: $5.400.<\/p>\n","protected":false},"excerpt":{"rendered":"<p>La direcci\u00f3n de Transporte logr\u00f3 extender la frecuencia y horarios, mejorando la conectividad entre la localidad de las Chacras con San Mart\u00edn y la ciudad de San Luis. El pasado martes se llev\u00f3 a cabo una reuni\u00f3n entre la directora de Transporte, Roc\u00edo Leyes junto al subdirector de Gesti\u00f3n, Supervisi\u00f3n y Control del Sistema de [&hellip;]<\/p>\n","protected":false},"author":1,"featured_media":2218,"comment_status":"open","ping_status":"open","sticky":false,"template":"","format":"standard","meta":{"footnotes":""},"categories":[185,67],"tags":[418],"class_list":["post-2217","post","type-post","status-publish","format-standard","has-post-thumbnail","hentry","category-las-chacras","category-san-martin","tag-interurbano"],"_links":{"self":[{"href":"https:\/\/vecinosdelinterior.com\/index.php\/wp-json\/wp\/v2\/posts\/2217","targetHints":{"allow":["GET"]}}],"collection":[{"href":"https:\/\/vecinosdelinterior.com\/index.php\/wp-json\/wp\/v2\/posts"}],"about":[{"href":"https:\/\/vecinosdelinterior.com\/index.php\/wp-json\/wp\/v2\/types\/post"}],"author":[{"embeddable":true,"href":"https:\/\/vecinosdelinterior.com\/index.php\/wp-json\/wp\/v2\/users\/1"}],"replies":[{"embeddable":true,"href":"https:\/\/vecinosdelinterior.com\/index.php\/wp-json\/wp\/v2\/comments?post=2217"}],"version-history":[{"count":1,"href":"https:\/\/vecinosdelinterior.com\/index.php\/wp-json\/wp\/v2\/posts\/2217\/revisions"}],"predecessor-version":[{"id":2219,"href":"https:\/\/vecinosdelinterior.com\/index.php\/wp-json\/wp\/v2\/posts\/2217\/revisions\/2219"}],"wp:featuredmedia":[{"embeddable":true,"href":"https:\/\/vecinosdelinterior.com\/index.php\/wp-json\/wp\/v2\/media\/2218"}],"wp:attachment":[{"href":"https:\/\/vecinosdelinterior.com\/index.php\/wp-json\/wp\/v2\/media?parent=2217"}],"wp:term":[{"taxonomy":"category","embeddable":true,"href":"https:\/\/vecinosdelinterior.com\/index.php\/wp-json\/wp\/v2\/categories?post=2217"},{"taxonomy":"post_tag","embeddable":true,"href":"https:\/\/vecinosdelinterior.com\/index.php\/wp-json\/wp\/v2\/tags?post=2217"}],"curies":[{"name":"wp","href":"https:\/\/api.w.org\/{rel}","templated":true}]}}