{"id":2220,"date":"2024-06-02T11:12:50","date_gmt":"2024-06-02T14:12:50","guid":{"rendered":"https:\/\/vecinosdelinterior.com\/?p=2220"},"modified":"2024-06-02T11:12:50","modified_gmt":"2024-06-02T14:12:50","slug":"escuelas-de-villa-de-merlo-reportaron-serios-problemas-de-calefaccion-en-plena-ola-de-frio","status":"publish","type":"post","link":"https:\/\/vecinosdelinterior.com\/index.php\/2024\/06\/02\/escuelas-de-villa-de-merlo-reportaron-serios-problemas-de-calefaccion-en-plena-ola-de-frio\/","title":{"rendered":"Escuelas de Villa de Merlo reportaron serios problemas de calefacci\u00f3n en plena ola de fr\u00edo"},"content":{"rendered":"\n<p><\/p>\n\n\n\n<p>En medio de la ola de fr\u00edo que azota a la provincia y al pa\u00eds en las \u00faltimas semanas, varias escuelas de la Villa de Merlo tuvieron problemas para brindar clases con normalidad por problemas de calefacci\u00f3n.<\/p>\n\n\n\n<p>El Centro Educativo Mar\u00eda Palmira Cabral de Becerra, de Rinc\u00f3n de Este, por ejemplo, suspendi\u00f3 las clases de los niveles inicial y primario de este viernes por falta de calefacci\u00f3n, inform\u00f3 el sitio El Corredor Noticias.<\/p>\n\n\n\n<p>Ese establecimiento, el d\u00eda anterior, hab\u00eda dispuesto una reducci\u00f3n horaria en el turno ma\u00f1ana, por la misma situaci\u00f3n.<\/p>\n\n\n\n<p>\u201cSe les comunica, que a la madrugada del d\u00eda martes nos quedamos sin gas en el sector de primaria. El d\u00eda mi\u00e9rcoles al ingresar, nos encontramos con los calefactores apagados. \u00c9stos hab\u00edan sido cargados hace menos de 10 d\u00edas. El cami\u00f3n de YPF, carg\u00f3 todos los zepelines con un 85% (su m\u00e1xima capacidad). No entendemos que ha pasado\u201d, dec\u00eda el mensaje que enviaron las autoridades escolares a los padres de los estudiantes.<\/p>\n\n\n\n<p>El nivel secundario s\u00ed tuvo clases con normalidad.<\/p>\n\n\n\n<p>Una situaci\u00f3n similar padecen las escuelas Ar\u00edstides Bratti y Pueblo Comeching\u00f3n, que funcionan en un mismo edificio. La diferencia es que no suspendieron las clases.<\/p>\n\n\n\n<p>Silvana Gim\u00e9nez, vicedirectora de la escuela Bratti, dijo que hubo algunas reparaciones edilicias en el verano, para poder iniciar el ciclo lectivo, pero no se repar\u00f3 el sistema de calefacci\u00f3n.<\/p>\n\n\n\n<p>\u201cS\u00ed han venido a hacer relevamiento. Han venido de Infraestructura a hacer un diagn\u00f3stico de la situaci\u00f3n, ha venido gente externa tambi\u00e9n, pero la realidad es que hoy y, con este adelanto que hubo del fr\u00edo invernal, no est\u00e1n preparados, no est\u00e1n funcionando\u201d, afirm\u00f3, en declaraciones al portal El Corredor<\/p>\n","protected":false},"excerpt":{"rendered":"<p>En medio de la ola de fr\u00edo que azota a la provincia y al pa\u00eds en las \u00faltimas semanas, varias escuelas de la Villa de Merlo tuvieron problemas para brindar clases con normalidad por problemas de calefacci\u00f3n. El Centro Educativo Mar\u00eda Palmira Cabral de Becerra, de Rinc\u00f3n de Este, por ejemplo, suspendi\u00f3 las clases de [&hellip;]<\/p>\n","protected":false},"author":1,"featured_media":2221,"comment_status":"open","ping_status":"open","sticky":false,"template":"","format":"standard","meta":{"footnotes":""},"categories":[23,73],"tags":[422,419,420],"class_list":["post-2220","post","type-post","status-publish","format-standard","has-post-thumbnail","hentry","category-junin","category-merlo","tag-calefaccion-2","tag-educacion","tag-escuelas"],"_links":{"self":[{"href":"https:\/\/vecinosdelinterior.com\/index.php\/wp-json\/wp\/v2\/posts\/2220","targetHints":{"allow":["GET"]}}],"collection":[{"href":"https:\/\/vecinosdelinterior.com\/index.php\/wp-json\/wp\/v2\/posts"}],"about":[{"href":"https:\/\/vecinosdelinterior.com\/index.php\/wp-json\/wp\/v2\/types\/post"}],"author":[{"embeddable":true,"href":"https:\/\/vecinosdelinterior.com\/index.php\/wp-json\/wp\/v2\/users\/1"}],"replies":[{"embeddable":true,"href":"https:\/\/vecinosdelinterior.com\/index.php\/wp-json\/wp\/v2\/comments?post=2220"}],"version-history":[{"count":1,"href":"https:\/\/vecinosdelinterior.com\/index.php\/wp-json\/wp\/v2\/posts\/2220\/revisions"}],"predecessor-version":[{"id":2222,"href":"https:\/\/vecinosdelinterior.com\/index.php\/wp-json\/wp\/v2\/posts\/2220\/revisions\/2222"}],"wp:featuredmedia":[{"embeddable":true,"href":"https:\/\/vecinosdelinterior.com\/index.php\/wp-json\/wp\/v2\/media\/2221"}],"wp:attachment":[{"href":"https:\/\/vecinosdelinterior.com\/index.php\/wp-json\/wp\/v2\/media?parent=2220"}],"wp:term":[{"taxonomy":"category","embeddable":true,"href":"https:\/\/vecinosdelinterior.com\/index.php\/wp-json\/wp\/v2\/categories?post=2220"},{"taxonomy":"post_tag","embeddable":true,"href":"https:\/\/vecinosdelinterior.com\/index.php\/wp-json\/wp\/v2\/tags?post=2220"}],"curies":[{"name":"wp","href":"https:\/\/api.w.org\/{rel}","templated":true}]}}