{"id":2234,"date":"2024-06-03T21:18:33","date_gmt":"2024-06-04T00:18:33","guid":{"rendered":"https:\/\/vecinosdelinterior.com\/?p=2234"},"modified":"2024-06-03T21:19:57","modified_gmt":"2024-06-04T00:19:57","slug":"destinaran-27-millones-de-pesos-para-obras-en-balde","status":"publish","type":"post","link":"https:\/\/vecinosdelinterior.com\/index.php\/2024\/06\/03\/destinaran-27-millones-de-pesos-para-obras-en-balde\/","title":{"rendered":"Destinar\u00e1n 27 millones de pesos para obras en Balde"},"content":{"rendered":"\n<p>Tras la visita a la escuela, Poggi recorri\u00f3 tres cuadras hasta el Municipio junto a los vecinos. El reloj ya marcaba el mediod\u00eda y el fr\u00edo helado segu\u00eda sinti\u00e9ndose en la cara.<\/p>\n\n\n\n<p>El cari\u00f1o en las calles de Balde fue incesante para el Gobernador, que disfrut\u00f3 el trayecto desde la escuela hasta el edificio comunal para la firma de convenio entre el Municipio y el Gobierno provincial, dentro del acuerdo \u2018Construyendo con Tu Pueblo\u2019.<\/p>\n\n\n\n<p>Despu\u00e9s tuvo lugar la entrega de personer\u00eda jur\u00eddica al Centro de Jubilados \u2018J\u00f3venes de la Tercera Edad\u2019 y a la Asociaci\u00f3n Civil \u2018Sumando Compromiso\u201d.<\/p>\n\n\n\n<p>La intendenta Gladys P\u00e1ez S\u00e1nchez indic\u00f3: \u201cEs nuestra intenci\u00f3n con este convenio de \u2018Construyendo con tu pueblo\u2019, mejorar nuestro camping, obra que hab\u00eda quedado inconclusa y que ahora podremos llevar a cabo construyendo dos locales comerciales, ba\u00f1os de servicio, nuevos estacionamientos y accesos, agradezco enormemente su presencia, se\u00f1or Gobernador\u201d.<\/p>\n","protected":false},"excerpt":{"rendered":"<p>Tras la visita a la escuela, Poggi recorri\u00f3 tres cuadras hasta el Municipio junto a los vecinos. El reloj ya marcaba el mediod\u00eda y el fr\u00edo helado segu\u00eda sinti\u00e9ndose en la cara. El cari\u00f1o en las calles de Balde fue incesante para el Gobernador, que disfrut\u00f3 el trayecto desde la escuela hasta el edificio comunal [&hellip;]<\/p>\n","protected":false},"author":1,"featured_media":2235,"comment_status":"open","ping_status":"open","sticky":false,"template":"","format":"standard","meta":{"footnotes":""},"categories":[382,12],"tags":[],"class_list":["post-2234","post","type-post","status-publish","format-standard","has-post-thumbnail","hentry","category-balde","category-pueyrredon"],"_links":{"self":[{"href":"https:\/\/vecinosdelinterior.com\/index.php\/wp-json\/wp\/v2\/posts\/2234","targetHints":{"allow":["GET"]}}],"collection":[{"href":"https:\/\/vecinosdelinterior.com\/index.php\/wp-json\/wp\/v2\/posts"}],"about":[{"href":"https:\/\/vecinosdelinterior.com\/index.php\/wp-json\/wp\/v2\/types\/post"}],"author":[{"embeddable":true,"href":"https:\/\/vecinosdelinterior.com\/index.php\/wp-json\/wp\/v2\/users\/1"}],"replies":[{"embeddable":true,"href":"https:\/\/vecinosdelinterior.com\/index.php\/wp-json\/wp\/v2\/comments?post=2234"}],"version-history":[{"count":1,"href":"https:\/\/vecinosdelinterior.com\/index.php\/wp-json\/wp\/v2\/posts\/2234\/revisions"}],"predecessor-version":[{"id":2236,"href":"https:\/\/vecinosdelinterior.com\/index.php\/wp-json\/wp\/v2\/posts\/2234\/revisions\/2236"}],"wp:featuredmedia":[{"embeddable":true,"href":"https:\/\/vecinosdelinterior.com\/index.php\/wp-json\/wp\/v2\/media\/2235"}],"wp:attachment":[{"href":"https:\/\/vecinosdelinterior.com\/index.php\/wp-json\/wp\/v2\/media?parent=2234"}],"wp:term":[{"taxonomy":"category","embeddable":true,"href":"https:\/\/vecinosdelinterior.com\/index.php\/wp-json\/wp\/v2\/categories?post=2234"},{"taxonomy":"post_tag","embeddable":true,"href":"https:\/\/vecinosdelinterior.com\/index.php\/wp-json\/wp\/v2\/tags?post=2234"}],"curies":[{"name":"wp","href":"https:\/\/api.w.org\/{rel}","templated":true}]}}