{"id":225,"date":"2023-08-02T16:44:26","date_gmt":"2023-08-02T19:44:26","guid":{"rendered":"https:\/\/vecinosdelinterior.com\/?p=225"},"modified":"2023-08-02T16:44:26","modified_gmt":"2023-08-02T19:44:26","slug":"quines-recuperaron-bienes-sustraidos-de-una-vivienda-un-detenido","status":"publish","type":"post","link":"https:\/\/vecinosdelinterior.com\/index.php\/2023\/08\/02\/quines-recuperaron-bienes-sustraidos-de-una-vivienda-un-detenido\/","title":{"rendered":"Quines: recuperaron bienes sustra\u00eddos de una vivienda. Un detenido"},"content":{"rendered":"\n<p>El procedimiento fue llevado a cabo este martes 1\u00b0 de agosto del corriente por numerarios de la Comisar\u00eda Distrito 15\u00b0 Quines.<\/p>\n\n\n\n<figure class=\"wp-block-image size-large\"><img fetchpriority=\"high\" decoding=\"async\" width=\"461\" height=\"1024\" src=\"https:\/\/vecinosdelinterior.com\/wp-content\/uploads\/2023\/08\/WhatsApp-Image-2023-08-02-at-11.30.04-5-691x1536-1-461x1024.jpeg\" alt=\"\" class=\"wp-image-226\" srcset=\"https:\/\/vecinosdelinterior.com\/wp-content\/uploads\/2023\/08\/WhatsApp-Image-2023-08-02-at-11.30.04-5-691x1536-1-461x1024.jpeg 461w, https:\/\/vecinosdelinterior.com\/wp-content\/uploads\/2023\/08\/WhatsApp-Image-2023-08-02-at-11.30.04-5-691x1536-1-135x300.jpeg 135w, https:\/\/vecinosdelinterior.com\/wp-content\/uploads\/2023\/08\/WhatsApp-Image-2023-08-02-at-11.30.04-5-691x1536-1.jpeg 691w\" sizes=\"(max-width: 461px) 100vw, 461px\" \/><\/figure>\n\n\n\n<p>Como resultado de tareas investigativas lograron la detenci\u00f3n del sindicado y recuperaci\u00f3n de parte de los objetos sustra\u00eddos.<\/p>\n\n\n\n<p><br>La aprehensi\u00f3n ocurri\u00f3 en calle 25 de Mayo y Valverde del Fresno, de la localidad.<br>El ahora detenido tiene 28 a\u00f1os de edad y fue sorprendido cuando ofertaba los elementos, que llevaba en una mochila. Los dem\u00e1s bienes fueron secuestrados en un domicilio del barrio El Tri\u00e1ngulo, donde residir\u00eda el aprehendido.<\/p>\n\n\n\n<figure class=\"wp-block-gallery has-nested-images columns-default is-cropped wp-block-gallery-1 is-layout-flex wp-block-gallery-is-layout-flex\">\n<figure class=\"wp-block-image size-large\"><img decoding=\"async\" width=\"843\" height=\"426\" data-id=\"227\" src=\"https:\/\/vecinosdelinterior.com\/wp-content\/uploads\/2023\/08\/2-8-2023-16-42-43.jpg\" alt=\"\" class=\"wp-image-227\" srcset=\"https:\/\/vecinosdelinterior.com\/wp-content\/uploads\/2023\/08\/2-8-2023-16-42-43.jpg 843w, https:\/\/vecinosdelinterior.com\/wp-content\/uploads\/2023\/08\/2-8-2023-16-42-43-300x152.jpg 300w, https:\/\/vecinosdelinterior.com\/wp-content\/uploads\/2023\/08\/2-8-2023-16-42-43-768x388.jpg 768w\" sizes=\"(max-width: 843px) 100vw, 843px\" \/><\/figure>\n<\/figure>\n\n\n\n<p><br>Oficiales labran actuaciones caratuladas preventivamente \u201caveriguaci\u00f3n robo\u201d, con intervenci\u00f3n de la Fiscal\u00eda de Instrucci\u00f3n 4, a cargo de la doctora Mar\u00eda del Valle Dur\u00e1n.<\/p>\n","protected":false},"excerpt":{"rendered":"<p>El procedimiento fue llevado a cabo este martes 1\u00b0 de agosto del corriente por numerarios de la Comisar\u00eda Distrito 15\u00b0 Quines. Como resultado de tareas investigativas lograron la detenci\u00f3n del sindicado y recuperaci\u00f3n de parte de los objetos sustra\u00eddos. La aprehensi\u00f3n ocurri\u00f3 en calle 25 de Mayo y Valverde del Fresno, de la localidad.El ahora [&hellip;]<\/p>\n","protected":false},"author":1,"featured_media":227,"comment_status":"open","ping_status":"open","sticky":false,"template":"","format":"standard","meta":{"footnotes":""},"categories":[8,54],"tags":[101,60],"class_list":["post-225","post","type-post","status-publish","format-standard","has-post-thumbnail","hentry","category-ayacucho","category-quines-ayacucho","tag-quines","tag-robo"],"_links":{"self":[{"href":"https:\/\/vecinosdelinterior.com\/index.php\/wp-json\/wp\/v2\/posts\/225","targetHints":{"allow":["GET"]}}],"collection":[{"href":"https:\/\/vecinosdelinterior.com\/index.php\/wp-json\/wp\/v2\/posts"}],"about":[{"href":"https:\/\/vecinosdelinterior.com\/index.php\/wp-json\/wp\/v2\/types\/post"}],"author":[{"embeddable":true,"href":"https:\/\/vecinosdelinterior.com\/index.php\/wp-json\/wp\/v2\/users\/1"}],"replies":[{"embeddable":true,"href":"https:\/\/vecinosdelinterior.com\/index.php\/wp-json\/wp\/v2\/comments?post=225"}],"version-history":[{"count":1,"href":"https:\/\/vecinosdelinterior.com\/index.php\/wp-json\/wp\/v2\/posts\/225\/revisions"}],"predecessor-version":[{"id":228,"href":"https:\/\/vecinosdelinterior.com\/index.php\/wp-json\/wp\/v2\/posts\/225\/revisions\/228"}],"wp:featuredmedia":[{"embeddable":true,"href":"https:\/\/vecinosdelinterior.com\/index.php\/wp-json\/wp\/v2\/media\/227"}],"wp:attachment":[{"href":"https:\/\/vecinosdelinterior.com\/index.php\/wp-json\/wp\/v2\/media?parent=225"}],"wp:term":[{"taxonomy":"category","embeddable":true,"href":"https:\/\/vecinosdelinterior.com\/index.php\/wp-json\/wp\/v2\/categories?post=225"},{"taxonomy":"post_tag","embeddable":true,"href":"https:\/\/vecinosdelinterior.com\/index.php\/wp-json\/wp\/v2\/tags?post=225"}],"curies":[{"name":"wp","href":"https:\/\/api.w.org\/{rel}","templated":true}]}}