{"id":2269,"date":"2024-06-14T11:30:46","date_gmt":"2024-06-14T14:30:46","guid":{"rendered":"https:\/\/vecinosdelinterior.com\/?p=2269"},"modified":"2024-06-14T11:30:46","modified_gmt":"2024-06-14T14:30:46","slug":"llega-la-gala-folklorica-un-ano-mas-al-centro-cultural-san-francisco","status":"publish","type":"post","link":"https:\/\/vecinosdelinterior.com\/index.php\/2024\/06\/14\/llega-la-gala-folklorica-un-ano-mas-al-centro-cultural-san-francisco\/","title":{"rendered":"Llega la Gala Folkl\u00f3rica \u2018Un a\u00f1o m\u00e1s\u2019 al Centro Cultural San Francisco"},"content":{"rendered":"\n<p>Ser\u00e1 este s\u00e1bado a las 19:00, en la sala Clara Chut\u00fan. Es un festejo por los seis a\u00f1os del ballet Renacer Serrano. Las entradas cuestan $1.000.<\/p>\n\n\n\n<p>El ballet Renacer Serrano cumple su sexto aniversario y lo festejar\u00e1 este s\u00e1bado con una gala folkl\u00f3rica en la sala Clara Chut\u00fan del Teatro San Francisco. En el espect\u00e1culo, que iniciar\u00e1 a las 19:00, se presentar\u00e1n junto al ballet \u2018Huellas de mi Patria\u2019 (Beazley), el grupo de danzas folkl\u00f3ricas Virgen del Valle (Pancanta-La Carolina) y el ballet Tupac (ciudad de San Luis).<\/p>\n\n\n\n<p>Las entradas tienen un valor de $1.000 y se pueden adquirir directamente en la boleter\u00eda del teatro de San Francisco del Monte de Oro.<\/p>\n\n\n\n<figure class=\"wp-block-gallery has-nested-images columns-default is-cropped wp-block-gallery-1 is-layout-flex wp-block-gallery-is-layout-flex\">\n<figure class=\"wp-block-image size-large\"><img fetchpriority=\"high\" decoding=\"async\" width=\"1024\" height=\"683\" data-id=\"2271\" src=\"https:\/\/vecinosdelinterior.com\/wp-content\/uploads\/2024\/06\/foto4-1536x1024-1-1024x683.jpg\" alt=\"\" class=\"wp-image-2271\" srcset=\"https:\/\/vecinosdelinterior.com\/wp-content\/uploads\/2024\/06\/foto4-1536x1024-1-1024x683.jpg 1024w, https:\/\/vecinosdelinterior.com\/wp-content\/uploads\/2024\/06\/foto4-1536x1024-1-300x200.jpg 300w, https:\/\/vecinosdelinterior.com\/wp-content\/uploads\/2024\/06\/foto4-1536x1024-1-768x512.jpg 768w, https:\/\/vecinosdelinterior.com\/wp-content\/uploads\/2024\/06\/foto4-1536x1024-1-750x500.jpg 750w, https:\/\/vecinosdelinterior.com\/wp-content\/uploads\/2024\/06\/foto4-1536x1024-1-1140x760.jpg 1140w, https:\/\/vecinosdelinterior.com\/wp-content\/uploads\/2024\/06\/foto4-1536x1024-1.jpg 1536w\" sizes=\"(max-width: 1024px) 100vw, 1024px\" \/><\/figure>\n\n\n\n<figure class=\"wp-block-image size-large\"><img decoding=\"async\" width=\"1024\" height=\"682\" data-id=\"2270\" src=\"https:\/\/vecinosdelinterior.com\/wp-content\/uploads\/2024\/06\/foto1-2-1-1536x1023-1-1024x682.jpg\" alt=\"\" class=\"wp-image-2270\" srcset=\"https:\/\/vecinosdelinterior.com\/wp-content\/uploads\/2024\/06\/foto1-2-1-1536x1023-1-1024x682.jpg 1024w, https:\/\/vecinosdelinterior.com\/wp-content\/uploads\/2024\/06\/foto1-2-1-1536x1023-1-300x200.jpg 300w, https:\/\/vecinosdelinterior.com\/wp-content\/uploads\/2024\/06\/foto1-2-1-1536x1023-1-768x512.jpg 768w, https:\/\/vecinosdelinterior.com\/wp-content\/uploads\/2024\/06\/foto1-2-1-1536x1023-1-750x500.jpg 750w, https:\/\/vecinosdelinterior.com\/wp-content\/uploads\/2024\/06\/foto1-2-1-1536x1023-1-1140x759.jpg 1140w, https:\/\/vecinosdelinterior.com\/wp-content\/uploads\/2024\/06\/foto1-2-1-1536x1023-1.jpg 1536w\" sizes=\"(max-width: 1024px) 100vw, 1024px\" \/><\/figure>\n<\/figure>\n\n\n\n<p>El ballet Renacer Serrano surgi\u00f3 en 2018 y est\u00e1 a cargo de la profesora Carmen Godoy, quien cuenta que a los primeros alumnos los tuvo en la localidad de Leandro N. Alem y despu\u00e9s decidi\u00f3 crear un espacio de formaci\u00f3n en el Centro Cultural San Francisco.<\/p>\n\n\n\n<p>\u201cDurante todo este tiempo hemos tenido presentaciones en varios puntos del pa\u00eds. El a\u00f1o pasado abrimos una escuela-ballet en la capital provincial que se llama \u2018Renacer San Luis\u2019. Tambi\u00e9n tenemos alumnos en Luj\u00e1n, Leandro N. Alem, San Francisco, Nogol\u00ed y La Calera. Sin embargo, todos los alumnos rinden en la misma instituci\u00f3n que es el Instituto de Danzas Argentinas Folkl\u00f3ricas\u201d, explic\u00f3 la profesora.<\/p>\n\n\n\n<p>Godoy explic\u00f3 que, para incluir a todos los alumnos y las diferentes sedes, decidieron denominarse de forma unificada como \u2018Delegaci\u00f3n Folkl\u00f3rica Sierras Sanluise\u00f1as\u2019, que est\u00e1 integrada por \u2018Renacer Serrano San Francisco\u2019, \u2018Renacer Serrano Leandro N. Alem\u2019, \u2018Ra\u00edces de Luj\u00e1n\u2019, \u2018Sierras de Nogol\u00ed\u2019, \u2018Florece Toro Negro\u2019, \u2018Renacer San Luis\u2019 y la agrupaci\u00f3n \u2018Piedra Caliza\u2019 de La Calera.<\/p>\n\n\n\n<p>\u201cTambi\u00e9n desde hace algunos a\u00f1os estoy como encargada y profesora del sistema \u2018Sue\u00f1os del Arte\u2019 en San Francisco, con el ballet El Azud, que tambi\u00e9n forma parte de nuestra delegaci\u00f3n\u201d, agreg\u00f3.<\/p>\n\n\n\n<p>\u201cEstamos muy felices y conformes con todo el trabajo realizado en estos seis a\u00f1os. No estoy sola, tengo como colaboradores a mis hijos, que est\u00e1n cerca de recibirse de profesores. La pr\u00f3xima semana viajaremos a Salta, a la regi\u00f3n del Chaco Salte\u00f1o, a representar a la provincia en un certamen competitivo\u201d, coment\u00f3 la tambi\u00e9n bailarina, quien particip\u00f3 en el Festival Nacional de Jes\u00fas Mar\u00eda en 2017.<\/p>\n","protected":false},"excerpt":{"rendered":"<p>Ser\u00e1 este s\u00e1bado a las 19:00, en la sala Clara Chut\u00fan. Es un festejo por los seis a\u00f1os del ballet Renacer Serrano. Las entradas cuestan $1.000. El ballet Renacer Serrano cumple su sexto aniversario y lo festejar\u00e1 este s\u00e1bado con una gala folkl\u00f3rica en la sala Clara Chut\u00fan del Teatro San Francisco. En el espect\u00e1culo, [&hellip;]<\/p>\n","protected":false},"author":1,"featured_media":2271,"comment_status":"open","ping_status":"open","sticky":false,"template":"","format":"standard","meta":{"footnotes":""},"categories":[8,9],"tags":[391,425],"class_list":["post-2269","post","type-post","status-publish","format-standard","has-post-thumbnail","hentry","category-ayacucho","category-san-francisco","tag-eventos","tag-gala-folclorica"],"_links":{"self":[{"href":"https:\/\/vecinosdelinterior.com\/index.php\/wp-json\/wp\/v2\/posts\/2269","targetHints":{"allow":["GET"]}}],"collection":[{"href":"https:\/\/vecinosdelinterior.com\/index.php\/wp-json\/wp\/v2\/posts"}],"about":[{"href":"https:\/\/vecinosdelinterior.com\/index.php\/wp-json\/wp\/v2\/types\/post"}],"author":[{"embeddable":true,"href":"https:\/\/vecinosdelinterior.com\/index.php\/wp-json\/wp\/v2\/users\/1"}],"replies":[{"embeddable":true,"href":"https:\/\/vecinosdelinterior.com\/index.php\/wp-json\/wp\/v2\/comments?post=2269"}],"version-history":[{"count":1,"href":"https:\/\/vecinosdelinterior.com\/index.php\/wp-json\/wp\/v2\/posts\/2269\/revisions"}],"predecessor-version":[{"id":2272,"href":"https:\/\/vecinosdelinterior.com\/index.php\/wp-json\/wp\/v2\/posts\/2269\/revisions\/2272"}],"wp:featuredmedia":[{"embeddable":true,"href":"https:\/\/vecinosdelinterior.com\/index.php\/wp-json\/wp\/v2\/media\/2271"}],"wp:attachment":[{"href":"https:\/\/vecinosdelinterior.com\/index.php\/wp-json\/wp\/v2\/media?parent=2269"}],"wp:term":[{"taxonomy":"category","embeddable":true,"href":"https:\/\/vecinosdelinterior.com\/index.php\/wp-json\/wp\/v2\/categories?post=2269"},{"taxonomy":"post_tag","embeddable":true,"href":"https:\/\/vecinosdelinterior.com\/index.php\/wp-json\/wp\/v2\/tags?post=2269"}],"curies":[{"name":"wp","href":"https:\/\/api.w.org\/{rel}","templated":true}]}}