{"id":2289,"date":"2024-06-18T20:36:36","date_gmt":"2024-06-18T23:36:36","guid":{"rendered":"https:\/\/vecinosdelinterior.com\/?p=2289"},"modified":"2024-06-18T20:36:37","modified_gmt":"2024-06-18T23:36:37","slug":"santa-rosa-fue-anfitriona-de-la-expo-aeronautica","status":"publish","type":"post","link":"https:\/\/vecinosdelinterior.com\/index.php\/2024\/06\/18\/santa-rosa-fue-anfitriona-de-la-expo-aeronautica\/","title":{"rendered":"Santa Rosa fue anfitriona de la Expo Aeron\u00e1utica"},"content":{"rendered":"\n<p>Desde el viernes 14 al domingo 16, los visitantes pudieron apreciar aeronaves, hacer visitas guiadas al centro de instrucci\u00f3n de vuelo, conocer los simuladores y ver de cerca globos aerost\u00e1ticos.<\/p>\n\n\n\n<p>Los aficionados y curiosos de las m\u00e1quinas con alas disfrutaron durante tres d\u00edas de la Expo Aeron\u00e1utica en el Aeropuerto Internacional del Valle del Conlara. Se realiz\u00f3 el viernes 14, s\u00e1bado 15 y domingo 16, con entrada libre y gratuita. La feria tuvo como prop\u00f3sito mostrar las actividades que realiza el Gobierno provincial en materia aeron\u00e1utica, los cursos y los servicios aeroportuarios que brinda.<\/p>\n\n\n\n<figure class=\"wp-block-gallery has-nested-images columns-default is-cropped wp-block-gallery-1 is-layout-flex wp-block-gallery-is-layout-flex\">\n<figure class=\"wp-block-image size-large\"><img fetchpriority=\"high\" decoding=\"async\" width=\"1024\" height=\"768\" data-id=\"2291\" src=\"https:\/\/vecinosdelinterior.com\/wp-content\/uploads\/2024\/06\/WhatsApp-Image-2024-06-18-at-13.19.01-3-1024x768.jpeg\" alt=\"\" class=\"wp-image-2291\" srcset=\"https:\/\/vecinosdelinterior.com\/wp-content\/uploads\/2024\/06\/WhatsApp-Image-2024-06-18-at-13.19.01-3-1024x768.jpeg 1024w, https:\/\/vecinosdelinterior.com\/wp-content\/uploads\/2024\/06\/WhatsApp-Image-2024-06-18-at-13.19.01-3-300x225.jpeg 300w, https:\/\/vecinosdelinterior.com\/wp-content\/uploads\/2024\/06\/WhatsApp-Image-2024-06-18-at-13.19.01-3-768x576.jpeg 768w, https:\/\/vecinosdelinterior.com\/wp-content\/uploads\/2024\/06\/WhatsApp-Image-2024-06-18-at-13.19.01-3-750x563.jpeg 750w, https:\/\/vecinosdelinterior.com\/wp-content\/uploads\/2024\/06\/WhatsApp-Image-2024-06-18-at-13.19.01-3.jpeg 1040w\" sizes=\"(max-width: 1024px) 100vw, 1024px\" \/><\/figure>\n\n\n\n<figure class=\"wp-block-image size-large\"><img decoding=\"async\" width=\"1024\" height=\"768\" data-id=\"2290\" src=\"https:\/\/vecinosdelinterior.com\/wp-content\/uploads\/2024\/06\/WhatsApp-Image-2024-06-18-at-13.19.01-2-1024x768.jpeg\" alt=\"\" class=\"wp-image-2290\" srcset=\"https:\/\/vecinosdelinterior.com\/wp-content\/uploads\/2024\/06\/WhatsApp-Image-2024-06-18-at-13.19.01-2-1024x768.jpeg 1024w, https:\/\/vecinosdelinterior.com\/wp-content\/uploads\/2024\/06\/WhatsApp-Image-2024-06-18-at-13.19.01-2-300x225.jpeg 300w, https:\/\/vecinosdelinterior.com\/wp-content\/uploads\/2024\/06\/WhatsApp-Image-2024-06-18-at-13.19.01-2-768x576.jpeg 768w, https:\/\/vecinosdelinterior.com\/wp-content\/uploads\/2024\/06\/WhatsApp-Image-2024-06-18-at-13.19.01-2-750x563.jpeg 750w, https:\/\/vecinosdelinterior.com\/wp-content\/uploads\/2024\/06\/WhatsApp-Image-2024-06-18-at-13.19.01-2.jpeg 1040w\" sizes=\"(max-width: 1024px) 100vw, 1024px\" \/><\/figure>\n\n\n\n<figure class=\"wp-block-image size-large\"><img decoding=\"async\" width=\"1024\" height=\"768\" data-id=\"2292\" src=\"https:\/\/vecinosdelinterior.com\/wp-content\/uploads\/2024\/06\/WhatsApp-Image-2024-06-18-at-13.19.01-6-1024x768.jpeg\" alt=\"\" class=\"wp-image-2292\" srcset=\"https:\/\/vecinosdelinterior.com\/wp-content\/uploads\/2024\/06\/WhatsApp-Image-2024-06-18-at-13.19.01-6-1024x768.jpeg 1024w, https:\/\/vecinosdelinterior.com\/wp-content\/uploads\/2024\/06\/WhatsApp-Image-2024-06-18-at-13.19.01-6-300x225.jpeg 300w, https:\/\/vecinosdelinterior.com\/wp-content\/uploads\/2024\/06\/WhatsApp-Image-2024-06-18-at-13.19.01-6-768x576.jpeg 768w, https:\/\/vecinosdelinterior.com\/wp-content\/uploads\/2024\/06\/WhatsApp-Image-2024-06-18-at-13.19.01-6-750x563.jpeg 750w, https:\/\/vecinosdelinterior.com\/wp-content\/uploads\/2024\/06\/WhatsApp-Image-2024-06-18-at-13.19.01-6.jpeg 1040w\" sizes=\"(max-width: 1024px) 100vw, 1024px\" \/><\/figure>\n<\/figure>\n\n\n\n<p>Quienes asistieron a la Expo pudieron apreciar, en total, 23 aeronaves, adem\u00e1s de los aviones hidrantes utilizados para el combate de incendios y helic\u00f3pteros. Sin dudas, la secci\u00f3n m\u00e1s popular fue el centro de simuladores, y una de las actividades que despert\u00f3 m\u00e1s inter\u00e9s fue la charla sobre las inscripciones a las carreras que ofrece el centro.<\/p>\n\n\n\n<p>Del Ente de Desarrollo Aeron\u00e1utico (EDA) dependen los centros de instrucci\u00f3n de vuelo (CIV) del Valle de Conlara, ubicado en Santa Rosa, y el de San Luis, que ofrecen la posibilidad de formarse como piloto privado de avi\u00f3n.<\/p>\n\n\n\n<p>El personal del EDA encabez\u00f3 los recorridos guiados al CIV del Valle del Conlara, que se realizaron en grupos de 10 personas, de acuerdo a la capacidad permitida en algunos sectores. A su turno, los bomberos aeron\u00e1uticos tomaron la posta y acompa\u00f1aron a los visitantes en el recorrido por la planta de combustible.<\/p>\n\n\n\n<p>Si bien estaba previsto un espect\u00e1culo de globos aerost\u00e1ticos, que tuvo que ser suspendido por razones meteorol\u00f3gicas, las personas que recorrieron la Expo tuvieron la posibilidad de ver de cerca un globo peque\u00f1o inflado y otro de tama\u00f1o real, desarmado.<\/p>\n","protected":false},"excerpt":{"rendered":"<p>Desde el viernes 14 al domingo 16, los visitantes pudieron apreciar aeronaves, hacer visitas guiadas al centro de instrucci\u00f3n de vuelo, conocer los simuladores y ver de cerca globos aerost\u00e1ticos. Los aficionados y curiosos de las m\u00e1quinas con alas disfrutaron durante tres d\u00edas de la Expo Aeron\u00e1utica en el Aeropuerto Internacional del Valle del Conlara. [&hellip;]<\/p>\n","protected":false},"author":1,"featured_media":2292,"comment_status":"open","ping_status":"open","sticky":false,"template":"","format":"standard","meta":{"footnotes":""},"categories":[23,45],"tags":[391,175],"class_list":["post-2289","post","type-post","status-publish","format-standard","has-post-thumbnail","hentry","category-junin","category-santa-rosa-del-conlara","tag-eventos","tag-turismo"],"_links":{"self":[{"href":"https:\/\/vecinosdelinterior.com\/index.php\/wp-json\/wp\/v2\/posts\/2289","targetHints":{"allow":["GET"]}}],"collection":[{"href":"https:\/\/vecinosdelinterior.com\/index.php\/wp-json\/wp\/v2\/posts"}],"about":[{"href":"https:\/\/vecinosdelinterior.com\/index.php\/wp-json\/wp\/v2\/types\/post"}],"author":[{"embeddable":true,"href":"https:\/\/vecinosdelinterior.com\/index.php\/wp-json\/wp\/v2\/users\/1"}],"replies":[{"embeddable":true,"href":"https:\/\/vecinosdelinterior.com\/index.php\/wp-json\/wp\/v2\/comments?post=2289"}],"version-history":[{"count":1,"href":"https:\/\/vecinosdelinterior.com\/index.php\/wp-json\/wp\/v2\/posts\/2289\/revisions"}],"predecessor-version":[{"id":2293,"href":"https:\/\/vecinosdelinterior.com\/index.php\/wp-json\/wp\/v2\/posts\/2289\/revisions\/2293"}],"wp:featuredmedia":[{"embeddable":true,"href":"https:\/\/vecinosdelinterior.com\/index.php\/wp-json\/wp\/v2\/media\/2292"}],"wp:attachment":[{"href":"https:\/\/vecinosdelinterior.com\/index.php\/wp-json\/wp\/v2\/media?parent=2289"}],"wp:term":[{"taxonomy":"category","embeddable":true,"href":"https:\/\/vecinosdelinterior.com\/index.php\/wp-json\/wp\/v2\/categories?post=2289"},{"taxonomy":"post_tag","embeddable":true,"href":"https:\/\/vecinosdelinterior.com\/index.php\/wp-json\/wp\/v2\/tags?post=2289"}],"curies":[{"name":"wp","href":"https:\/\/api.w.org\/{rel}","templated":true}]}}