{"id":229,"date":"2023-08-03T11:17:27","date_gmt":"2023-08-03T14:17:27","guid":{"rendered":"https:\/\/vecinosdelinterior.com\/?p=229"},"modified":"2023-08-03T11:17:27","modified_gmt":"2023-08-03T14:17:27","slug":"el-intendente-de-carpinteria-pide-que-se-modifique-la-ley-de-coparticipacion-provincial","status":"publish","type":"post","link":"https:\/\/vecinosdelinterior.com\/index.php\/2023\/08\/03\/el-intendente-de-carpinteria-pide-que-se-modifique-la-ley-de-coparticipacion-provincial\/","title":{"rendered":"El intendente de Carpinter\u00eda pide \u201cque se modifique la Ley de Coparticipaci\u00f3n Provincial\u201d"},"content":{"rendered":"\n<p><br>A trav\u00e9s de un comunicado publicado en las redes sociales de la Municipalidad de Carpinter\u00eda, el intendente de esa localidad, Gast\u00f3n Herrera, pidi\u00f3 a los legisladores provinciales que se modifique la Ley de Coparticipaci\u00f3n Provincial.<\/p>\n\n\n\n<figure class=\"wp-block-image size-full\"><img fetchpriority=\"high\" decoding=\"async\" width=\"614\" height=\"434\" src=\"https:\/\/vecinosdelinterior.com\/wp-content\/uploads\/2023\/08\/carpi.jpg\" alt=\"\" class=\"wp-image-230\" srcset=\"https:\/\/vecinosdelinterior.com\/wp-content\/uploads\/2023\/08\/carpi.jpg 614w, https:\/\/vecinosdelinterior.com\/wp-content\/uploads\/2023\/08\/carpi-300x212.jpg 300w\" sizes=\"(max-width: 614px) 100vw, 614px\" \/><\/figure>\n\n\n\n<p>\u201cEn estos d\u00edas que observo que se est\u00e1n haciendo modificaciones legislativas de importancia, le pido abierta y p\u00fablicamente a los legisladores provinciales principalmente a los de mi partido, que modifiquen la ley de coparticipaci\u00f3n provincial\u201d, comienza la nota.<\/p>\n\n\n\n<p>Y se\u00f1ala a los diputados y senadores: \u201cEstamos y particularmente ustedes, en una circunstancia coyuntural con la concreta posibilidad de dejar a los municipios y por ende a los pueblos en una situaci\u00f3n de igualdad, ya que es incomprensible e inconcebible que el Estado provincial se siga quedando con el grueso de los fondos p\u00fablicos (80% de la masa coparticipable), y tenga a los municipios en un estado de absoluta precariedad\u201d.<\/p>\n\n\n\n<p>\u201cLa modificaci\u00f3n de la ley de coparticipaci\u00f3n en favor de los municipios tambi\u00e9n, les otorgar\u00e1 la ut\u00f3pica y tan necesaria autonom\u00eda que establece tanto la constituci\u00f3n provincial como la nacional y limitar\u00e1 sustancialmente, la discrecionalidad pol\u00edtica en materia de asignaci\u00f3n de obra p\u00fablica\u201d, a\u00f1ade el escrito de Herrera.<\/p>\n\n\n\n<p>Y completa: \u201cPor el respeto que le deben a los electores de cada pueblo del interior, les pido a los legisladores que consideren el presente pedido y al mismo tiempo aprovecho para decirles, que la concreci\u00f3n de lo aqu\u00ed solicitado permitir\u00e1 subsanar en el imaginario colectivo algunas de las cosas que no se han hecho bien\u201d.<\/p>\n","protected":false},"excerpt":{"rendered":"<p>A trav\u00e9s de un comunicado publicado en las redes sociales de la Municipalidad de Carpinter\u00eda, el intendente de esa localidad, Gast\u00f3n Herrera, pidi\u00f3 a los legisladores provinciales que se modifique la Ley de Coparticipaci\u00f3n Provincial. \u201cEn estos d\u00edas que observo que se est\u00e1n haciendo modificaciones legislativas de importancia, le pido abierta y p\u00fablicamente a los [&hellip;]<\/p>\n","protected":false},"author":1,"featured_media":230,"comment_status":"open","ping_status":"open","sticky":false,"template":"","format":"standard","meta":{"footnotes":""},"categories":[75,23],"tags":[102,104,103],"class_list":["post-229","post","type-post","status-publish","format-standard","has-post-thumbnail","hentry","category-carpinteria","category-junin","tag-carpinteria","tag-coparticipacion","tag-junin"],"_links":{"self":[{"href":"https:\/\/vecinosdelinterior.com\/index.php\/wp-json\/wp\/v2\/posts\/229","targetHints":{"allow":["GET"]}}],"collection":[{"href":"https:\/\/vecinosdelinterior.com\/index.php\/wp-json\/wp\/v2\/posts"}],"about":[{"href":"https:\/\/vecinosdelinterior.com\/index.php\/wp-json\/wp\/v2\/types\/post"}],"author":[{"embeddable":true,"href":"https:\/\/vecinosdelinterior.com\/index.php\/wp-json\/wp\/v2\/users\/1"}],"replies":[{"embeddable":true,"href":"https:\/\/vecinosdelinterior.com\/index.php\/wp-json\/wp\/v2\/comments?post=229"}],"version-history":[{"count":1,"href":"https:\/\/vecinosdelinterior.com\/index.php\/wp-json\/wp\/v2\/posts\/229\/revisions"}],"predecessor-version":[{"id":231,"href":"https:\/\/vecinosdelinterior.com\/index.php\/wp-json\/wp\/v2\/posts\/229\/revisions\/231"}],"wp:featuredmedia":[{"embeddable":true,"href":"https:\/\/vecinosdelinterior.com\/index.php\/wp-json\/wp\/v2\/media\/230"}],"wp:attachment":[{"href":"https:\/\/vecinosdelinterior.com\/index.php\/wp-json\/wp\/v2\/media?parent=229"}],"wp:term":[{"taxonomy":"category","embeddable":true,"href":"https:\/\/vecinosdelinterior.com\/index.php\/wp-json\/wp\/v2\/categories?post=229"},{"taxonomy":"post_tag","embeddable":true,"href":"https:\/\/vecinosdelinterior.com\/index.php\/wp-json\/wp\/v2\/tags?post=229"}],"curies":[{"name":"wp","href":"https:\/\/api.w.org\/{rel}","templated":true}]}}