{"id":2301,"date":"2024-06-20T11:47:59","date_gmt":"2024-06-20T14:47:59","guid":{"rendered":"https:\/\/vecinosdelinterior.com\/?p=2301"},"modified":"2024-06-20T11:48:00","modified_gmt":"2024-06-20T14:48:00","slug":"una-nadadora-de-villa-larca-fue-subcampeona-nacional-en-buenos-aires","status":"publish","type":"post","link":"https:\/\/vecinosdelinterior.com\/index.php\/2024\/06\/20\/una-nadadora-de-villa-larca-fue-subcampeona-nacional-en-buenos-aires\/","title":{"rendered":"Una nadadora de Villa Larca fue subcampeona nacional en Buenos Aires"},"content":{"rendered":"\n<p>Constanza Vega se qued\u00f3 con la medalla de plata en los 50 metros pecho del Campeonato Argentino Infantil y Menores que se disput\u00f3 en el Parque Ol\u00edmpico, el pasado fin de semana.<\/p>\n\n\n\n<p>Constanza Vega pertenece al staff de la Pileta Modelo de Concar\u00e1n y el fin de semana se convirti\u00f3 en una gran representante de la provincia de San Luis al consagrarse como subcampeona en la categor\u00eda Infantil y Menores del Campeonato Argentino disputado en el Parque Ol\u00edmpico de Buenos Aires.<\/p>\n\n\n\n<p>A sus 10 a\u00f1os, \u2018Cony\u2019, como le dicen, demostr\u00f3 su talento en el agua en la m\u00e1xima competencia nacional de su categor\u00eda, acompa\u00f1ada por su entrenadora Silvia Ferreyra, con un segundo puesto que llena de orgullo a la nataci\u00f3n sanluise\u00f1a. El certamen tambi\u00e9n tuvo a otros tres competidores oriundos de Concar\u00e1n: Lourdes Godoy (11), Carla Castro (12) y Bautista Godoy (10).<\/p>\n\n\n\n<p>Constanza est\u00e1 haciendo sus primeras armas en la nataci\u00f3n, debido a que empez\u00f3 con la disciplina hace apenas un a\u00f1o y medio. Entrena cuatro veces por semana, dos horas en cada sesi\u00f3n. Vive en Villa Larca, pero viaja en cada ocasi\u00f3n hasta Concar\u00e1n para cumplir con sus entrenamientos.<\/p>\n\n\n\n<p>El subcampeonato nacional de Constanza Vega no solo representa un logro personal. La reactivaci\u00f3n de los natatorios provinciales de Concar\u00e1n, Villa de Merlo y El Volc\u00e1n son un testimonio del compromiso de la Provincia con el deporte en general, la nataci\u00f3n en particular y la promoci\u00f3n de la actividad deportiva entre los ni\u00f1os.<\/p>\n\n\n\n<figure class=\"wp-block-image size-large\"><img fetchpriority=\"high\" decoding=\"async\" width=\"1024\" height=\"1024\" src=\"https:\/\/vecinosdelinterior.com\/wp-content\/uploads\/2024\/06\/WhatsApp-Image-2024-06-14-at-10.28.28-AM-1-1024x1024.jpeg\" alt=\"\" class=\"wp-image-2302\" srcset=\"https:\/\/vecinosdelinterior.com\/wp-content\/uploads\/2024\/06\/WhatsApp-Image-2024-06-14-at-10.28.28-AM-1-1024x1024.jpeg 1024w, https:\/\/vecinosdelinterior.com\/wp-content\/uploads\/2024\/06\/WhatsApp-Image-2024-06-14-at-10.28.28-AM-1-300x300.jpeg 300w, https:\/\/vecinosdelinterior.com\/wp-content\/uploads\/2024\/06\/WhatsApp-Image-2024-06-14-at-10.28.28-AM-1-150x150.jpeg 150w, https:\/\/vecinosdelinterior.com\/wp-content\/uploads\/2024\/06\/WhatsApp-Image-2024-06-14-at-10.28.28-AM-1-768x768.jpeg 768w, https:\/\/vecinosdelinterior.com\/wp-content\/uploads\/2024\/06\/WhatsApp-Image-2024-06-14-at-10.28.28-AM-1-75x75.jpeg 75w, https:\/\/vecinosdelinterior.com\/wp-content\/uploads\/2024\/06\/WhatsApp-Image-2024-06-14-at-10.28.28-AM-1-750x750.jpeg 750w, https:\/\/vecinosdelinterior.com\/wp-content\/uploads\/2024\/06\/WhatsApp-Image-2024-06-14-at-10.28.28-AM-1-1140x1140.jpeg 1140w, https:\/\/vecinosdelinterior.com\/wp-content\/uploads\/2024\/06\/WhatsApp-Image-2024-06-14-at-10.28.28-AM-1.jpeg 1440w\" sizes=\"(max-width: 1024px) 100vw, 1024px\" \/><\/figure>\n","protected":false},"excerpt":{"rendered":"<p>Constanza Vega se qued\u00f3 con la medalla de plata en los 50 metros pecho del Campeonato Argentino Infantil y Menores que se disput\u00f3 en el Parque Ol\u00edmpico, el pasado fin de semana. Constanza Vega pertenece al staff de la Pileta Modelo de Concar\u00e1n y el fin de semana se convirti\u00f3 en una gran representante de [&hellip;]<\/p>\n","protected":false},"author":1,"featured_media":2302,"comment_status":"open","ping_status":"open","sticky":false,"template":"","format":"standard","meta":{"footnotes":""},"categories":[29,89],"tags":[224],"class_list":["post-2301","post","type-post","status-publish","format-standard","has-post-thumbnail","hentry","category-chacabuco","category-villa-larca","tag-natacion"],"_links":{"self":[{"href":"https:\/\/vecinosdelinterior.com\/index.php\/wp-json\/wp\/v2\/posts\/2301","targetHints":{"allow":["GET"]}}],"collection":[{"href":"https:\/\/vecinosdelinterior.com\/index.php\/wp-json\/wp\/v2\/posts"}],"about":[{"href":"https:\/\/vecinosdelinterior.com\/index.php\/wp-json\/wp\/v2\/types\/post"}],"author":[{"embeddable":true,"href":"https:\/\/vecinosdelinterior.com\/index.php\/wp-json\/wp\/v2\/users\/1"}],"replies":[{"embeddable":true,"href":"https:\/\/vecinosdelinterior.com\/index.php\/wp-json\/wp\/v2\/comments?post=2301"}],"version-history":[{"count":1,"href":"https:\/\/vecinosdelinterior.com\/index.php\/wp-json\/wp\/v2\/posts\/2301\/revisions"}],"predecessor-version":[{"id":2303,"href":"https:\/\/vecinosdelinterior.com\/index.php\/wp-json\/wp\/v2\/posts\/2301\/revisions\/2303"}],"wp:featuredmedia":[{"embeddable":true,"href":"https:\/\/vecinosdelinterior.com\/index.php\/wp-json\/wp\/v2\/media\/2302"}],"wp:attachment":[{"href":"https:\/\/vecinosdelinterior.com\/index.php\/wp-json\/wp\/v2\/media?parent=2301"}],"wp:term":[{"taxonomy":"category","embeddable":true,"href":"https:\/\/vecinosdelinterior.com\/index.php\/wp-json\/wp\/v2\/categories?post=2301"},{"taxonomy":"post_tag","embeddable":true,"href":"https:\/\/vecinosdelinterior.com\/index.php\/wp-json\/wp\/v2\/tags?post=2301"}],"curies":[{"name":"wp","href":"https:\/\/api.w.org\/{rel}","templated":true}]}}