{"id":2315,"date":"2024-06-22T12:11:35","date_gmt":"2024-06-22T15:11:35","guid":{"rendered":"https:\/\/vecinosdelinterior.com\/?p=2315"},"modified":"2024-06-22T12:11:35","modified_gmt":"2024-06-22T15:11:35","slug":"nuevos-horarios-del-corredor-san-luis-san-jeronimo-y-la-calera","status":"publish","type":"post","link":"https:\/\/vecinosdelinterior.com\/index.php\/2024\/06\/22\/nuevos-horarios-del-corredor-san-luis-san-jeronimo-y-la-calera\/","title":{"rendered":"Nuevos horarios del corredor San Luis, San Jer\u00f3nimo y La Calera"},"content":{"rendered":"\n<p>La Direcci\u00f3n de Transporte anunci\u00f3 nuevos horarios para el corredor que conecta las localidades de San Luis, San Jer\u00f3nimo y La Calera en d\u00edas espec\u00edficos de la semana.<\/p>\n\n\n\n<p>Los d\u00edas lunes, mi\u00e9rcoles y viernes, los usuarios podr\u00e1n beneficiarse de salidas regulares desde la EDIRO con la empresa Roberto Ojeda.<\/p>\n\n\n\n<p>Salidas desde la EDIRO:<\/p>\n\n\n\n<p>San Luis: 06:00 y 15:00<br>San Jer\u00f3nimo: 06:40 y 15:40<br>La Calera: 07:10 y 16:10 (hace parada en el ingreso de la f\u00e1brica de Cementos Avellaneda)<\/p>\n\n\n\n<p>Regreso a la EDIRO:<\/p>\n\n\n\n<p>La Calera: 07:30 y 16:30 (hace parada en el ingreso de la f\u00e1brica de cemento Avellaneda)<br>San Jer\u00f3nimo: 08:00 y 17:00<br>San Luis (EDIRO): 08:40 y 17:40<\/p>\n","protected":false},"excerpt":{"rendered":"<p>La Direcci\u00f3n de Transporte anunci\u00f3 nuevos horarios para el corredor que conecta las localidades de San Luis, San Jer\u00f3nimo y La Calera en d\u00edas espec\u00edficos de la semana. Los d\u00edas lunes, mi\u00e9rcoles y viernes, los usuarios podr\u00e1n beneficiarse de salidas regulares desde la EDIRO con la empresa Roberto Ojeda. Salidas desde la EDIRO: San Luis: [&hellip;]<\/p>\n","protected":false},"author":1,"featured_media":2316,"comment_status":"open","ping_status":"open","sticky":false,"template":"","format":"standard","meta":{"footnotes":""},"categories":[92,294],"tags":[],"class_list":["post-2315","post","type-post","status-publish","format-standard","has-post-thumbnail","hentry","category-belgrano","category-la-calera"],"_links":{"self":[{"href":"https:\/\/vecinosdelinterior.com\/index.php\/wp-json\/wp\/v2\/posts\/2315","targetHints":{"allow":["GET"]}}],"collection":[{"href":"https:\/\/vecinosdelinterior.com\/index.php\/wp-json\/wp\/v2\/posts"}],"about":[{"href":"https:\/\/vecinosdelinterior.com\/index.php\/wp-json\/wp\/v2\/types\/post"}],"author":[{"embeddable":true,"href":"https:\/\/vecinosdelinterior.com\/index.php\/wp-json\/wp\/v2\/users\/1"}],"replies":[{"embeddable":true,"href":"https:\/\/vecinosdelinterior.com\/index.php\/wp-json\/wp\/v2\/comments?post=2315"}],"version-history":[{"count":1,"href":"https:\/\/vecinosdelinterior.com\/index.php\/wp-json\/wp\/v2\/posts\/2315\/revisions"}],"predecessor-version":[{"id":2317,"href":"https:\/\/vecinosdelinterior.com\/index.php\/wp-json\/wp\/v2\/posts\/2315\/revisions\/2317"}],"wp:featuredmedia":[{"embeddable":true,"href":"https:\/\/vecinosdelinterior.com\/index.php\/wp-json\/wp\/v2\/media\/2316"}],"wp:attachment":[{"href":"https:\/\/vecinosdelinterior.com\/index.php\/wp-json\/wp\/v2\/media?parent=2315"}],"wp:term":[{"taxonomy":"category","embeddable":true,"href":"https:\/\/vecinosdelinterior.com\/index.php\/wp-json\/wp\/v2\/categories?post=2315"},{"taxonomy":"post_tag","embeddable":true,"href":"https:\/\/vecinosdelinterior.com\/index.php\/wp-json\/wp\/v2\/tags?post=2315"}],"curies":[{"name":"wp","href":"https:\/\/api.w.org\/{rel}","templated":true}]}}