{"id":2323,"date":"2024-06-22T12:21:07","date_gmt":"2024-06-22T15:21:07","guid":{"rendered":"https:\/\/vecinosdelinterior.com\/?p=2323"},"modified":"2024-06-22T12:21:07","modified_gmt":"2024-06-22T15:21:07","slug":"lavaisse-festejo-su-117o-aniversario-y-se-sumo-a-construyendo-por-tu-pueblo","status":"publish","type":"post","link":"https:\/\/vecinosdelinterior.com\/index.php\/2024\/06\/22\/lavaisse-festejo-su-117o-aniversario-y-se-sumo-a-construyendo-por-tu-pueblo\/","title":{"rendered":"Lavaisse festej\u00f3 su 117\u00ba Aniversario y se sum\u00f3 a Construyendo por Tu Pueblo"},"content":{"rendered":"\n<p>La localidad de Lavaisse cumpli\u00f3 117 a\u00f1os de su fundaci\u00f3n y lo festej\u00f3 con emoci\u00f3n y alegr\u00eda. La celebraci\u00f3n comenz\u00f3 con una misa en la Capilla San Luis Gonzaga, que fue oficiada por el obispo de San Luis, monse\u00f1or Gabriel Barba. Culminado el oficio religioso las autoridades y vecinos presentes participaron de la procesi\u00f3n encabezada por la figura del patrono de Lavaisse, San Luis Gonzaga, que fue portada por integrantes de la Asociaci\u00f3n Veteranos de Guerra Puntanos en el Sur.<\/p>\n\n\n\n<figure class=\"wp-block-gallery has-nested-images columns-default is-cropped wp-block-gallery-1 is-layout-flex wp-block-gallery-is-layout-flex\">\n<figure class=\"wp-block-image size-large\"><img fetchpriority=\"high\" decoding=\"async\" width=\"1024\" height=\"683\" data-id=\"2324\" src=\"https:\/\/vecinosdelinterior.com\/wp-content\/uploads\/2024\/06\/117-aniv-lavaisse_21-06-2024_16-1-scaled-1-1024x683.jpg\" alt=\"\" class=\"wp-image-2324\" srcset=\"https:\/\/vecinosdelinterior.com\/wp-content\/uploads\/2024\/06\/117-aniv-lavaisse_21-06-2024_16-1-scaled-1-1024x683.jpg 1024w, https:\/\/vecinosdelinterior.com\/wp-content\/uploads\/2024\/06\/117-aniv-lavaisse_21-06-2024_16-1-scaled-1-300x200.jpg 300w, https:\/\/vecinosdelinterior.com\/wp-content\/uploads\/2024\/06\/117-aniv-lavaisse_21-06-2024_16-1-scaled-1-768x512.jpg 768w, https:\/\/vecinosdelinterior.com\/wp-content\/uploads\/2024\/06\/117-aniv-lavaisse_21-06-2024_16-1-scaled-1-1536x1024.jpg 1536w, https:\/\/vecinosdelinterior.com\/wp-content\/uploads\/2024\/06\/117-aniv-lavaisse_21-06-2024_16-1-scaled-1-2048x1366.jpg 2048w, https:\/\/vecinosdelinterior.com\/wp-content\/uploads\/2024\/06\/117-aniv-lavaisse_21-06-2024_16-1-scaled-1-750x500.jpg 750w, https:\/\/vecinosdelinterior.com\/wp-content\/uploads\/2024\/06\/117-aniv-lavaisse_21-06-2024_16-1-scaled-1-1140x760.jpg 1140w\" sizes=\"(max-width: 1024px) 100vw, 1024px\" \/><\/figure>\n\n\n\n<figure class=\"wp-block-image size-large\"><img decoding=\"async\" width=\"1024\" height=\"683\" data-id=\"2325\" src=\"https:\/\/vecinosdelinterior.com\/wp-content\/uploads\/2024\/06\/117-aniv-lavaisse_21-06-2024_22-scaled-1-1024x683.jpg\" alt=\"\" class=\"wp-image-2325\" srcset=\"https:\/\/vecinosdelinterior.com\/wp-content\/uploads\/2024\/06\/117-aniv-lavaisse_21-06-2024_22-scaled-1-1024x683.jpg 1024w, https:\/\/vecinosdelinterior.com\/wp-content\/uploads\/2024\/06\/117-aniv-lavaisse_21-06-2024_22-scaled-1-300x200.jpg 300w, https:\/\/vecinosdelinterior.com\/wp-content\/uploads\/2024\/06\/117-aniv-lavaisse_21-06-2024_22-scaled-1-768x512.jpg 768w, https:\/\/vecinosdelinterior.com\/wp-content\/uploads\/2024\/06\/117-aniv-lavaisse_21-06-2024_22-scaled-1-1536x1024.jpg 1536w, https:\/\/vecinosdelinterior.com\/wp-content\/uploads\/2024\/06\/117-aniv-lavaisse_21-06-2024_22-scaled-1-2048x1366.jpg 2048w, https:\/\/vecinosdelinterior.com\/wp-content\/uploads\/2024\/06\/117-aniv-lavaisse_21-06-2024_22-scaled-1-750x500.jpg 750w, https:\/\/vecinosdelinterior.com\/wp-content\/uploads\/2024\/06\/117-aniv-lavaisse_21-06-2024_22-scaled-1-1140x760.jpg 1140w\" sizes=\"(max-width: 1024px) 100vw, 1024px\" \/><\/figure>\n<\/figure>\n\n\n\n<p>El acto central se desarroll\u00f3 en la plaza principal y fue encabezado por la intendenta de Lavaisse, Sandra Chain. Cont\u00f3 adem\u00e1s con la presencia del Obispo; el ministro de Gobierno , Facundo Endeiza; el secretario de Personas con Discapacidad, Luis Giraudo; diputados provinciales, funcionarios provinciales y municipales.<\/p>\n\n\n\n<p>Luego de entonado el Himno Nacional Argentino, que fue acompa\u00f1ado por la banda de m\u00fasica de la Polic\u00eda de la Provincia de San Luis, la intendenta Sandra Chain, agradeci\u00f3 la presencia de todas las autoridades en esta fecha tan importante para la localidad de Lavaisse. Continuando con los festejos fue el turno de la Academia de Danzas de la Casa de la Cultura de Villa Mercedes, que brind\u00f3 su arte en homenaje a los 117 a\u00f1os de vida del pueblo.<\/p>\n\n\n\n<p><strong>Obras para la localidad<\/strong><\/p>\n\n\n\n<p>Seguidamente se procedi\u00f3 a la firma del Acuerdo Bilateral Provincia \u2013 Municipio \u201cConstruyendo con tu Pueblo\u201d, una propuesta que viene a modificar la realidad de cada vecino de San Luis a trav\u00e9s de un nuevo plan de obras p\u00fablicas que impactar\u00e1 de manera directa en la vida cotidiana de la ciudadan\u00eda. Por la Provincia firm\u00f3 el ministro de Gobierno, Facundo Endeiza y por la municipalidad de Lavaisse lo hizo la intendenta Chain.<\/p>\n\n\n\n<p>Los festejos culminaron con el tradicional desfile de escuelas, instituciones y agrupaciones gauchas que se hicieron presentes para festejar los un a\u00f1o m\u00e1s de vida de la localidad y un almuerzo de camarader\u00eda para todos los presentes.<\/p>\n","protected":false},"excerpt":{"rendered":"<p>La localidad de Lavaisse cumpli\u00f3 117 a\u00f1os de su fundaci\u00f3n y lo festej\u00f3 con emoci\u00f3n y alegr\u00eda. La celebraci\u00f3n comenz\u00f3 con una misa en la Capilla San Luis Gonzaga, que fue oficiada por el obispo de San Luis, monse\u00f1or Gabriel Barba. Culminado el oficio religioso las autoridades y vecinos presentes participaron de la procesi\u00f3n encabezada [&hellip;]<\/p>\n","protected":false},"author":1,"featured_media":2326,"comment_status":"open","ping_status":"open","sticky":false,"template":"","format":"standard","meta":{"footnotes":""},"categories":[1],"tags":[430],"class_list":["post-2323","post","type-post","status-publish","format-standard","has-post-thumbnail","hentry","category-blog","tag-lavaisse"],"_links":{"self":[{"href":"https:\/\/vecinosdelinterior.com\/index.php\/wp-json\/wp\/v2\/posts\/2323","targetHints":{"allow":["GET"]}}],"collection":[{"href":"https:\/\/vecinosdelinterior.com\/index.php\/wp-json\/wp\/v2\/posts"}],"about":[{"href":"https:\/\/vecinosdelinterior.com\/index.php\/wp-json\/wp\/v2\/types\/post"}],"author":[{"embeddable":true,"href":"https:\/\/vecinosdelinterior.com\/index.php\/wp-json\/wp\/v2\/users\/1"}],"replies":[{"embeddable":true,"href":"https:\/\/vecinosdelinterior.com\/index.php\/wp-json\/wp\/v2\/comments?post=2323"}],"version-history":[{"count":1,"href":"https:\/\/vecinosdelinterior.com\/index.php\/wp-json\/wp\/v2\/posts\/2323\/revisions"}],"predecessor-version":[{"id":2327,"href":"https:\/\/vecinosdelinterior.com\/index.php\/wp-json\/wp\/v2\/posts\/2323\/revisions\/2327"}],"wp:featuredmedia":[{"embeddable":true,"href":"https:\/\/vecinosdelinterior.com\/index.php\/wp-json\/wp\/v2\/media\/2326"}],"wp:attachment":[{"href":"https:\/\/vecinosdelinterior.com\/index.php\/wp-json\/wp\/v2\/media?parent=2323"}],"wp:term":[{"taxonomy":"category","embeddable":true,"href":"https:\/\/vecinosdelinterior.com\/index.php\/wp-json\/wp\/v2\/categories?post=2323"},{"taxonomy":"post_tag","embeddable":true,"href":"https:\/\/vecinosdelinterior.com\/index.php\/wp-json\/wp\/v2\/tags?post=2323"}],"curies":[{"name":"wp","href":"https:\/\/api.w.org\/{rel}","templated":true}]}}