{"id":2341,"date":"2024-06-25T08:38:46","date_gmt":"2024-06-25T11:38:46","guid":{"rendered":"https:\/\/vecinosdelinterior.com\/?p=2341"},"modified":"2024-06-25T08:38:47","modified_gmt":"2024-06-25T11:38:47","slug":"ampliaron-el-corredor-merlo-santa-rosa-para-incluir-nuevos-horarios-y-destinos","status":"publish","type":"post","link":"https:\/\/vecinosdelinterior.com\/index.php\/2024\/06\/25\/ampliaron-el-corredor-merlo-santa-rosa-para-incluir-nuevos-horarios-y-destinos\/","title":{"rendered":"Ampliaron el corredor Merlo-Santa Rosa para incluir nuevos horarios y destinos"},"content":{"rendered":"\n<p>La extensi\u00f3n ofrece a los usuarios una mayor cobertura y disponibilidad del servicio, respondiendo a la demanda de los vecinos de fortalecer la conexi\u00f3n entre las localidades de la regi\u00f3n.<\/p>\n\n\n\n<p>La direcci\u00f3n de Transporte gener\u00f3 una extensi\u00f3n del corredor Merlo-Santa Rosa, que incluye un aumento en la frecuencia del servicio y la incorporaci\u00f3n de paradas que antes no estaban contempladas. La modificaci\u00f3n en el transporte entr\u00f3 en vigencia este lunes, con un recorrido que anexa nuevos destinos como el Juzgado Multifuero y el Aeropuerto Internacional Valle del Conlara.<\/p>\n\n\n\n<p>El servicio estar\u00e1 disponible de lunes a viernes y ser\u00e1 operado por la empresa Panaholma. La extensi\u00f3n del corredor brindar\u00e1 a los habitantes de la zona una mayor accesibilidad en la movilidad, reforzando la conexi\u00f3n entre las localidades y sus puntos de inter\u00e9s.<\/p>\n\n\n\n<p>Horario de salida (corredor Merlo a Santa Rosa)<\/p>\n\n\n\n<p>Merlo: 06:50 \u2013 13:00 \u2013 17:30<\/p>\n\n\n\n<p>Barrio \u2018272\u2019: 07:00 \u2013 13:10 \u2013 17:40<\/p>\n\n\n\n<p>Multifuero: 07:10 \u2013 13:20 \u2013 17:50<\/p>\n\n\n\n<p>Aeropuerto: 07:15 \u2013 13:25 \u2013 17:55<\/p>\n\n\n\n<p>Llega a Santa Rosa: 07:25 \u2013 13:40 \u2013 18:05<\/p>\n\n\n\n<p>Horario de salida (corredor Santa Rosa a Merlo)<\/p>\n\n\n\n<p>Santa Rosa: 07:30 \u2013 13:50 \u2013 18:10<\/p>\n\n\n\n<p>Multifuero: 07:40 \u2013 14:00 \u2013 18:20<\/p>\n\n\n\n<p>Aeropuerto: 07:45 \u2013 14:05 \u2013 18:25<\/p>\n\n\n\n<p>Barrio \u2018272\u2019: 08:05 \u2013 14:15 \u2013 18:40<\/p>\n\n\n\n<p>Llega a Merlo: 08:10 \u2013 14:25 \u2013 18:50<\/p>\n","protected":false},"excerpt":{"rendered":"<p>La extensi\u00f3n ofrece a los usuarios una mayor cobertura y disponibilidad del servicio, respondiendo a la demanda de los vecinos de fortalecer la conexi\u00f3n entre las localidades de la regi\u00f3n. La direcci\u00f3n de Transporte gener\u00f3 una extensi\u00f3n del corredor Merlo-Santa Rosa, que incluye un aumento en la frecuencia del servicio y la incorporaci\u00f3n de paradas [&hellip;]<\/p>\n","protected":false},"author":1,"featured_media":2342,"comment_status":"open","ping_status":"open","sticky":false,"template":"","format":"standard","meta":{"footnotes":""},"categories":[23,73,45],"tags":[320],"class_list":["post-2341","post","type-post","status-publish","format-standard","has-post-thumbnail","hentry","category-junin","category-merlo","category-santa-rosa-del-conlara","tag-transporte-interurbano"],"_links":{"self":[{"href":"https:\/\/vecinosdelinterior.com\/index.php\/wp-json\/wp\/v2\/posts\/2341","targetHints":{"allow":["GET"]}}],"collection":[{"href":"https:\/\/vecinosdelinterior.com\/index.php\/wp-json\/wp\/v2\/posts"}],"about":[{"href":"https:\/\/vecinosdelinterior.com\/index.php\/wp-json\/wp\/v2\/types\/post"}],"author":[{"embeddable":true,"href":"https:\/\/vecinosdelinterior.com\/index.php\/wp-json\/wp\/v2\/users\/1"}],"replies":[{"embeddable":true,"href":"https:\/\/vecinosdelinterior.com\/index.php\/wp-json\/wp\/v2\/comments?post=2341"}],"version-history":[{"count":1,"href":"https:\/\/vecinosdelinterior.com\/index.php\/wp-json\/wp\/v2\/posts\/2341\/revisions"}],"predecessor-version":[{"id":2343,"href":"https:\/\/vecinosdelinterior.com\/index.php\/wp-json\/wp\/v2\/posts\/2341\/revisions\/2343"}],"wp:featuredmedia":[{"embeddable":true,"href":"https:\/\/vecinosdelinterior.com\/index.php\/wp-json\/wp\/v2\/media\/2342"}],"wp:attachment":[{"href":"https:\/\/vecinosdelinterior.com\/index.php\/wp-json\/wp\/v2\/media?parent=2341"}],"wp:term":[{"taxonomy":"category","embeddable":true,"href":"https:\/\/vecinosdelinterior.com\/index.php\/wp-json\/wp\/v2\/categories?post=2341"},{"taxonomy":"post_tag","embeddable":true,"href":"https:\/\/vecinosdelinterior.com\/index.php\/wp-json\/wp\/v2\/tags?post=2341"}],"curies":[{"name":"wp","href":"https:\/\/api.w.org\/{rel}","templated":true}]}}