{"id":2348,"date":"2024-06-26T08:56:00","date_gmt":"2024-06-26T11:56:00","guid":{"rendered":"https:\/\/vecinosdelinterior.com\/?p=2348"},"modified":"2024-06-27T08:57:04","modified_gmt":"2024-06-27T11:57:04","slug":"al-menos-30-localidades-y-parajes-de-san-luis-registraron-temperaturas-extremas","status":"publish","type":"post","link":"https:\/\/vecinosdelinterior.com\/index.php\/2024\/06\/26\/al-menos-30-localidades-y-parajes-de-san-luis-registraron-temperaturas-extremas\/","title":{"rendered":"Al menos 30 localidades y parajes de San Luis registraron temperaturas extremas"},"content":{"rendered":"\n<p>. A la ciudad del norte se le suman en orden descendente: San Mart\u00edn encabez\u00f3 la lista de localidades con m\u00e1s fr\u00edo con -9,7\u00baC, Concar\u00e1n con -7,5\u00baC, Villa de Praga -6,7\u00baC y Naschel -6,6\u00baC.<br>No cabe duda de que el invierno lleg\u00f3 y a diferencia de 2023, este a\u00f1o se hace sentir con m\u00e1s crudeza. Gran parte del pa\u00eds registra temperaturas extremas y la nieve cubre con un abundante manto blanco vastos sectores, tal es el caso de las Altas Cumbres. En San Luis, en sectores de monta\u00f1a (Valle de Pancanta y Sierras Centrales) este martes se produjo la ca\u00edda de aguanieve y el mi\u00e9rcoles comenz\u00f3 con heladas intensas. Las m\u00e1s crudas se registraron en el norte provincial al igual que las temperaturas m\u00e1s bajas.<br>La Red de Estaciones Meteorol\u00f3gicas de la Provincia (REM) inform\u00f3 que al ranking lo encabeza San Mart\u00edn con -9,7\u00baC y le siguen Concar\u00e1n, Villa de Praga, Naschel, Santa Rosa y Tilisarao entre otros. Todas est\u00e1n localidades se encuentran bajo alerta por fr\u00edo extremo seg\u00fan un informe del Servicio Meteorol\u00f3gico Nacional vigente hasta las 18:17 de este mi\u00e9rcoles y que abarca a las zonas bajas de los departamentos Ayacucho, San Mart\u00edn, Jun\u00edn y Chacabuco.<\/p>\n\n\n\n<figure class=\"wp-block-image size-full\"><img fetchpriority=\"high\" decoding=\"async\" width=\"569\" height=\"675\" src=\"https:\/\/vecinosdelinterior.com\/wp-content\/uploads\/2024\/06\/449095020_330558923428134_2158703817091956117_n.jpg\" alt=\"\" class=\"wp-image-2349\" srcset=\"https:\/\/vecinosdelinterior.com\/wp-content\/uploads\/2024\/06\/449095020_330558923428134_2158703817091956117_n.jpg 569w, https:\/\/vecinosdelinterior.com\/wp-content\/uploads\/2024\/06\/449095020_330558923428134_2158703817091956117_n-253x300.jpg 253w\" sizes=\"(max-width: 569px) 100vw, 569px\" \/><\/figure>\n","protected":false},"excerpt":{"rendered":"<p>. A la ciudad del norte se le suman en orden descendente: San Mart\u00edn encabez\u00f3 la lista de localidades con m\u00e1s fr\u00edo con -9,7\u00baC, Concar\u00e1n con -7,5\u00baC, Villa de Praga -6,7\u00baC y Naschel -6,6\u00baC.No cabe duda de que el invierno lleg\u00f3 y a diferencia de 2023, este a\u00f1o se hace sentir con m\u00e1s crudeza. Gran [&hellip;]<\/p>\n","protected":false},"author":1,"featured_media":2349,"comment_status":"open","ping_status":"open","sticky":false,"template":"","format":"standard","meta":{"footnotes":""},"categories":[185,67],"tags":[],"class_list":["post-2348","post","type-post","status-publish","format-standard","has-post-thumbnail","hentry","category-las-chacras","category-san-martin"],"_links":{"self":[{"href":"https:\/\/vecinosdelinterior.com\/index.php\/wp-json\/wp\/v2\/posts\/2348","targetHints":{"allow":["GET"]}}],"collection":[{"href":"https:\/\/vecinosdelinterior.com\/index.php\/wp-json\/wp\/v2\/posts"}],"about":[{"href":"https:\/\/vecinosdelinterior.com\/index.php\/wp-json\/wp\/v2\/types\/post"}],"author":[{"embeddable":true,"href":"https:\/\/vecinosdelinterior.com\/index.php\/wp-json\/wp\/v2\/users\/1"}],"replies":[{"embeddable":true,"href":"https:\/\/vecinosdelinterior.com\/index.php\/wp-json\/wp\/v2\/comments?post=2348"}],"version-history":[{"count":1,"href":"https:\/\/vecinosdelinterior.com\/index.php\/wp-json\/wp\/v2\/posts\/2348\/revisions"}],"predecessor-version":[{"id":2350,"href":"https:\/\/vecinosdelinterior.com\/index.php\/wp-json\/wp\/v2\/posts\/2348\/revisions\/2350"}],"wp:featuredmedia":[{"embeddable":true,"href":"https:\/\/vecinosdelinterior.com\/index.php\/wp-json\/wp\/v2\/media\/2349"}],"wp:attachment":[{"href":"https:\/\/vecinosdelinterior.com\/index.php\/wp-json\/wp\/v2\/media?parent=2348"}],"wp:term":[{"taxonomy":"category","embeddable":true,"href":"https:\/\/vecinosdelinterior.com\/index.php\/wp-json\/wp\/v2\/categories?post=2348"},{"taxonomy":"post_tag","embeddable":true,"href":"https:\/\/vecinosdelinterior.com\/index.php\/wp-json\/wp\/v2\/tags?post=2348"}],"curies":[{"name":"wp","href":"https:\/\/api.w.org\/{rel}","templated":true}]}}