{"id":2370,"date":"2024-06-30T11:21:42","date_gmt":"2024-06-30T14:21:42","guid":{"rendered":"https:\/\/vecinosdelinterior.com\/?p=2370"},"modified":"2024-06-30T11:21:42","modified_gmt":"2024-06-30T14:21:42","slug":"desde-este-sabado-papagayos-tiene-una-oficina-del-registro-civil-propia","status":"publish","type":"post","link":"https:\/\/vecinosdelinterior.com\/index.php\/2024\/06\/30\/desde-este-sabado-papagayos-tiene-una-oficina-del-registro-civil-propia\/","title":{"rendered":"Desde este s\u00e1bado, Papagayos tiene una oficina del Registro Civil propia"},"content":{"rendered":"\n<p>La sede fue inaugurada por el Gobernador y el intendente local. Funcionar\u00e1 en el Sal\u00f3n Multiespacio de calle Granaderos y beneficiar\u00e1 a m\u00e1s de 1500 vecinos.<br>El gobernador Claudio Poggi y el intendente comisionado de Papagayos, Jos\u00e9 Luis Gauna, inauguraron este s\u00e1bado una seccional del Registro Civil en la localidad, que funcionar\u00e1 en el Sal\u00f3n Multiespacio de calle Granaderos al 100. La oficina beneficiar\u00e1 a m\u00e1s de 1500 vecinos y a la poblaci\u00f3n de la Costa de los Comechingones, que podr\u00e1n acceder de una manera m\u00e1s f\u00e1cil y cerca a tr\u00e1mites diversos.<\/p>\n\n\n\n<p><br>La seccional de Papagayos es la n\u00famero 66 en territorio puntano. Hasta hoy, los pobladores que quisieran realizar actas de matrimonio, de nacimiento, de defunci\u00f3n, de uni\u00f3n convivencial, la tramitaci\u00f3n de DNI, pasaporte o CPI deb\u00edan movilizarse hasta Villa Larca.<\/p>\n\n\n\n<p><br>\u201cMuy contento con esta iniciativa, de esta posibilidad de contar con la oficina de Registro Civil. Para nosotros es hist\u00f3rico porque nunca hubo uno en la localidad, as\u00ed que agradecido con el se\u00f1or ministro y el director tambi\u00e9n de Registro Civil, que han trabajado bien, que fueron muy eficientes para que hoy estemos inaugurando esto\u201d, agradeci\u00f3 Gauna.<\/p>\n\n\n\n<p><br>\u201cHoy es un d\u00eda, como dijo el Intendente, hist\u00f3rico. La localidad de Papagayos no contaba con Registro Civil y hoy van a tener una seccional, la 8053, que nos ha otorgado el Registro Nacional de las Personas, y van a poder hacer los vecinos todo tipo de tr\u00e1mites\u201d; \u201cNo debemos olvidarnos que en el registro civil se inscriben todos los hechos m\u00e1s importantes de la vida de las personas, como es el nacimiento, el matrimonio, la uni\u00f3n convivencial o las defunciones\u201d, sum\u00f3 el director de Registro Civil y Capacidad de las Personas, Guillermo Valdeven\u00edtez.<\/p>\n\n\n\n<p><br>El primer mandatario particip\u00f3 luego del corte de cintas e hizo un breve recorrido por la oficina. Antes, el mismo acto tambi\u00e9n dio espacio para la entrega de dos decretos de financiamiento como parte del Plan \u201cMi Pr\u00f3ximo Paso\u201d.<\/p>\n\n\n\n<p><br>Los beneficiarios, que son dos matrimonios del pueblo, agradecieron la posibilidad de hacer crecer sus emprendimientos, uno dedicado a la fabricaci\u00f3n de muebles y el otro a la impresi\u00f3n y personalizaci\u00f3n de objetos.<\/p>\n\n\n\n<p><br>\u201cEl gobernador acaba de entregar aqu\u00ed en Papagayos dos proyectos productivos en el marco de los 1.530 que se est\u00e1n poniendo en marcha. Ya van m\u00e1s de 310 decretos entregados en estas \u00faltimas dos semanas y as\u00ed se seguir\u00e1 transitando toda la provincia, e incluso volveremos tambi\u00e9n a la regi\u00f3n porque hay m\u00e1s proyectos pendientes que est\u00e1n ya evaluados y siguiendo en este momento su natural circuito administrativo\u201d, resalt\u00f3 el ministro de Desarrollo Productivo, Federico Trombotto.<\/p>\n","protected":false},"excerpt":{"rendered":"<p>La sede fue inaugurada por el Gobernador y el intendente local. Funcionar\u00e1 en el Sal\u00f3n Multiespacio de calle Granaderos y beneficiar\u00e1 a m\u00e1s de 1500 vecinos.El gobernador Claudio Poggi y el intendente comisionado de Papagayos, Jos\u00e9 Luis Gauna, inauguraron este s\u00e1bado una seccional del Registro Civil en la localidad, que funcionar\u00e1 en el Sal\u00f3n Multiespacio [&hellip;]<\/p>\n","protected":false},"author":1,"featured_media":2371,"comment_status":"open","ping_status":"open","sticky":false,"template":"","format":"standard","meta":{"footnotes":""},"categories":[29,416],"tags":[],"class_list":["post-2370","post","type-post","status-publish","format-standard","has-post-thumbnail","hentry","category-chacabuco","category-papagayos"],"_links":{"self":[{"href":"https:\/\/vecinosdelinterior.com\/index.php\/wp-json\/wp\/v2\/posts\/2370","targetHints":{"allow":["GET"]}}],"collection":[{"href":"https:\/\/vecinosdelinterior.com\/index.php\/wp-json\/wp\/v2\/posts"}],"about":[{"href":"https:\/\/vecinosdelinterior.com\/index.php\/wp-json\/wp\/v2\/types\/post"}],"author":[{"embeddable":true,"href":"https:\/\/vecinosdelinterior.com\/index.php\/wp-json\/wp\/v2\/users\/1"}],"replies":[{"embeddable":true,"href":"https:\/\/vecinosdelinterior.com\/index.php\/wp-json\/wp\/v2\/comments?post=2370"}],"version-history":[{"count":1,"href":"https:\/\/vecinosdelinterior.com\/index.php\/wp-json\/wp\/v2\/posts\/2370\/revisions"}],"predecessor-version":[{"id":2372,"href":"https:\/\/vecinosdelinterior.com\/index.php\/wp-json\/wp\/v2\/posts\/2370\/revisions\/2372"}],"wp:featuredmedia":[{"embeddable":true,"href":"https:\/\/vecinosdelinterior.com\/index.php\/wp-json\/wp\/v2\/media\/2371"}],"wp:attachment":[{"href":"https:\/\/vecinosdelinterior.com\/index.php\/wp-json\/wp\/v2\/media?parent=2370"}],"wp:term":[{"taxonomy":"category","embeddable":true,"href":"https:\/\/vecinosdelinterior.com\/index.php\/wp-json\/wp\/v2\/categories?post=2370"},{"taxonomy":"post_tag","embeddable":true,"href":"https:\/\/vecinosdelinterior.com\/index.php\/wp-json\/wp\/v2\/tags?post=2370"}],"curies":[{"name":"wp","href":"https:\/\/api.w.org\/{rel}","templated":true}]}}