{"id":2385,"date":"2024-09-24T09:01:09","date_gmt":"2024-09-24T12:01:09","guid":{"rendered":"https:\/\/vecinosdelinterior.com\/?p=2385"},"modified":"2024-09-24T09:01:09","modified_gmt":"2024-09-24T12:01:09","slug":"otra-obra-iniciada-en-2023-que-se-finaliza-un-salon-en-villa-del-carmen-con-fin-sociocultural-y-deportivo","status":"publish","type":"post","link":"https:\/\/vecinosdelinterior.com\/index.php\/2024\/09\/24\/otra-obra-iniciada-en-2023-que-se-finaliza-un-salon-en-villa-del-carmen-con-fin-sociocultural-y-deportivo\/","title":{"rendered":"Otra obra iniciada en 2023 que se finaliza. Un sal\u00f3n en Villa del Carmen con fin sociocultural y deportivo,"},"content":{"rendered":"\n<p><br>Las fiestas, los eventos y el deporte tendr\u00e1n un nuevo punto de encuentro confortable y moderno en la localidad de Villa del Carmen. El Gobierno provincial construy\u00f3 un sal\u00f3n de 1.057,30 metros cuadrados pensado para iniciativas recreativas y deportivas.<br>La estructura posee una altura de 7 metros, lo que permite la realizaci\u00f3n de diferentes actividades culturales y ofrece todos los servicios y climatizaci\u00f3n. El espacio tambi\u00e9n posee las medidas reglamentarias para la pr\u00e1ctica de b\u00e1squetbol y cuenta con una galer\u00eda semicubierta de 98.95 metros cuadrados y otro destinado a cocheras de 62.50 metros cuadrados.<br><\/p>\n\n\n\n<figure class=\"wp-block-gallery has-nested-images columns-default is-cropped wp-block-gallery-1 is-layout-flex wp-block-gallery-is-layout-flex\">\n<figure class=\"wp-block-image size-large\"><img fetchpriority=\"high\" decoding=\"async\" width=\"900\" height=\"597\" data-id=\"2386\" src=\"https:\/\/vecinosdelinterior.com\/wp-content\/uploads\/2024\/09\/461091614_388816574269035_837626271211928421_n.jpg\" alt=\"\" class=\"wp-image-2386\" srcset=\"https:\/\/vecinosdelinterior.com\/wp-content\/uploads\/2024\/09\/461091614_388816574269035_837626271211928421_n.jpg 900w, https:\/\/vecinosdelinterior.com\/wp-content\/uploads\/2024\/09\/461091614_388816574269035_837626271211928421_n-300x199.jpg 300w, https:\/\/vecinosdelinterior.com\/wp-content\/uploads\/2024\/09\/461091614_388816574269035_837626271211928421_n-768x509.jpg 768w, https:\/\/vecinosdelinterior.com\/wp-content\/uploads\/2024\/09\/461091614_388816574269035_837626271211928421_n-750x498.jpg 750w\" sizes=\"(max-width: 900px) 100vw, 900px\" \/><\/figure>\n\n\n\n<figure class=\"wp-block-image size-large\"><img decoding=\"async\" width=\"900\" height=\"605\" data-id=\"2387\" src=\"https:\/\/vecinosdelinterior.com\/wp-content\/uploads\/2024\/09\/461170323_388816540935705_5094454468478990208_n.jpg\" alt=\"\" class=\"wp-image-2387\" srcset=\"https:\/\/vecinosdelinterior.com\/wp-content\/uploads\/2024\/09\/461170323_388816540935705_5094454468478990208_n.jpg 900w, https:\/\/vecinosdelinterior.com\/wp-content\/uploads\/2024\/09\/461170323_388816540935705_5094454468478990208_n-300x202.jpg 300w, https:\/\/vecinosdelinterior.com\/wp-content\/uploads\/2024\/09\/461170323_388816540935705_5094454468478990208_n-768x516.jpg 768w, https:\/\/vecinosdelinterior.com\/wp-content\/uploads\/2024\/09\/461170323_388816540935705_5094454468478990208_n-750x504.jpg 750w\" sizes=\"(max-width: 900px) 100vw, 900px\" \/><\/figure>\n<\/figure>\n\n\n\n<p>La municipalidad de Villa del Carmen destac\u00f3 que el destino que se dar\u00e1 al sal\u00f3n es sociocultural y deportivo, pero est\u00e1 previsto tambi\u00e9n para capacitaciones, festejos y todo tipo de eventos comunales que requieran de un espacio cerrado. Para ello el establecimiento cuenta con \u00e1rea para cocina y cantina y un dep\u00f3sito para almacenar materiales y suministros. Se completa con dos n\u00facleos sanitarios, cada uno equipado con vestuarios y duchas.<br>Se destacan las ventanas en todas sus fachadas, lo que permite captar la luz natural y salida de emergencia para garantizar la seguridad de los usuarios. La ejecuci\u00f3n se completar\u00e1 con senderos, vereda municipal, parquizaci\u00f3n con \u00e1rboles, arbustos, cobertura vegetal de suelo y cierre perimetral.<\/p>\n","protected":false},"excerpt":{"rendered":"<p>Las fiestas, los eventos y el deporte tendr\u00e1n un nuevo punto de encuentro confortable y moderno en la localidad de Villa del Carmen. El Gobierno provincial construy\u00f3 un sal\u00f3n de 1.057,30 metros cuadrados pensado para iniciativas recreativas y deportivas.La estructura posee una altura de 7 metros, lo que permite la realizaci\u00f3n de diferentes actividades culturales [&hellip;]<\/p>\n","protected":false},"author":1,"featured_media":2387,"comment_status":"open","ping_status":"open","sticky":false,"template":"","format":"standard","meta":{"footnotes":""},"categories":[29,31],"tags":[],"class_list":["post-2385","post","type-post","status-publish","format-standard","has-post-thumbnail","hentry","category-chacabuco","category-villa-del-carmen"],"_links":{"self":[{"href":"https:\/\/vecinosdelinterior.com\/index.php\/wp-json\/wp\/v2\/posts\/2385","targetHints":{"allow":["GET"]}}],"collection":[{"href":"https:\/\/vecinosdelinterior.com\/index.php\/wp-json\/wp\/v2\/posts"}],"about":[{"href":"https:\/\/vecinosdelinterior.com\/index.php\/wp-json\/wp\/v2\/types\/post"}],"author":[{"embeddable":true,"href":"https:\/\/vecinosdelinterior.com\/index.php\/wp-json\/wp\/v2\/users\/1"}],"replies":[{"embeddable":true,"href":"https:\/\/vecinosdelinterior.com\/index.php\/wp-json\/wp\/v2\/comments?post=2385"}],"version-history":[{"count":1,"href":"https:\/\/vecinosdelinterior.com\/index.php\/wp-json\/wp\/v2\/posts\/2385\/revisions"}],"predecessor-version":[{"id":2388,"href":"https:\/\/vecinosdelinterior.com\/index.php\/wp-json\/wp\/v2\/posts\/2385\/revisions\/2388"}],"wp:featuredmedia":[{"embeddable":true,"href":"https:\/\/vecinosdelinterior.com\/index.php\/wp-json\/wp\/v2\/media\/2387"}],"wp:attachment":[{"href":"https:\/\/vecinosdelinterior.com\/index.php\/wp-json\/wp\/v2\/media?parent=2385"}],"wp:term":[{"taxonomy":"category","embeddable":true,"href":"https:\/\/vecinosdelinterior.com\/index.php\/wp-json\/wp\/v2\/categories?post=2385"},{"taxonomy":"post_tag","embeddable":true,"href":"https:\/\/vecinosdelinterior.com\/index.php\/wp-json\/wp\/v2\/tags?post=2385"}],"curies":[{"name":"wp","href":"https:\/\/api.w.org\/{rel}","templated":true}]}}