{"id":2389,"date":"2024-09-23T09:01:00","date_gmt":"2024-09-23T12:01:00","guid":{"rendered":"https:\/\/vecinosdelinterior.com\/?p=2389"},"modified":"2024-09-24T09:02:26","modified_gmt":"2024-09-24T12:02:26","slug":"trabajan-en-los-ultimos-focos-de-incendios-en-san-martin-y-quines","status":"publish","type":"post","link":"https:\/\/vecinosdelinterior.com\/index.php\/2024\/09\/23\/trabajan-en-los-ultimos-focos-de-incendios-en-san-martin-y-quines\/","title":{"rendered":"Trabajan en los \u00faltimos focos de incendios en San Mart\u00edn y Quines"},"content":{"rendered":"\n<p>El ministerio de Seguridad, a trav\u00e9s de la direcci\u00f3n de Prevenci\u00f3n y Gesti\u00f3n de Emergencias (DPyGE), inform\u00f3 que se contin\u00faa poniendo todos los esfuerzos para controlar los incendios en el departamento San Mart\u00edn. Aunque la mayor\u00eda de las \u00e1reas afectadas est\u00e1n bajo control, brigadistas y bomberos se ocupan de extinguir los focos restantes y prevenir posibles reinicios del fuego.<br>San Mart\u00edn fue el departamento m\u00e1s afectado por los incendios forestales.<\/p>\n\n\n\n<figure class=\"wp-block-gallery has-nested-images columns-default is-cropped wp-block-gallery-1 is-layout-flex wp-block-gallery-is-layout-flex\">\n<figure class=\"wp-block-image size-large\"><img fetchpriority=\"high\" decoding=\"async\" width=\"812\" height=\"540\" data-id=\"2390\" src=\"https:\/\/vecinosdelinterior.com\/wp-content\/uploads\/2024\/09\/461251032_388577540959605_3076189790876094908_n.jpg\" alt=\"\" class=\"wp-image-2390\" srcset=\"https:\/\/vecinosdelinterior.com\/wp-content\/uploads\/2024\/09\/461251032_388577540959605_3076189790876094908_n.jpg 812w, https:\/\/vecinosdelinterior.com\/wp-content\/uploads\/2024\/09\/461251032_388577540959605_3076189790876094908_n-300x200.jpg 300w, https:\/\/vecinosdelinterior.com\/wp-content\/uploads\/2024\/09\/461251032_388577540959605_3076189790876094908_n-768x511.jpg 768w, https:\/\/vecinosdelinterior.com\/wp-content\/uploads\/2024\/09\/461251032_388577540959605_3076189790876094908_n-750x499.jpg 750w\" sizes=\"(max-width: 812px) 100vw, 812px\" \/><\/figure>\n<\/figure>\n\n\n\n<p><br>De a poco, los incendios van dando algo de tregua a bomberos, brigadistas y vecinos, que combaten cuerpo a cuerpo con la asistencia permanente del Estado.<br>La zona m\u00e1s cr\u00edtica se encuentra en La Vertiente, al este de La Totora. All\u00ed, el personal de Infanter\u00eda junto con los brigadistas, personal de la Lucha Contra el Fuego, bomberos de la Polic\u00eda y Bomberos Voluntarios de Tilisarao y La Toma, trabajan en el lugar con el objetivo de controlar el \u00e1rea caliente, que tiene un acceso complicado por la vegetaci\u00f3n.<br>En Quines, sigue activo otro foco bajo la intervenci\u00f3n de bomberos locales, mientras que el incendio en la localidad de Uni\u00f3n ya ha sido controlado.<br>El Centro de Operaciones de Emergencias (COE), compuesto por el Poder Ejecutivo y las fuerzas de seguridad, contin\u00faa en alerta y preparado para responder a cualquier contingencia.<\/p>\n","protected":false},"excerpt":{"rendered":"<p>El ministerio de Seguridad, a trav\u00e9s de la direcci\u00f3n de Prevenci\u00f3n y Gesti\u00f3n de Emergencias (DPyGE), inform\u00f3 que se contin\u00faa poniendo todos los esfuerzos para controlar los incendios en el departamento San Mart\u00edn. Aunque la mayor\u00eda de las \u00e1reas afectadas est\u00e1n bajo control, brigadistas y bomberos se ocupan de extinguir los focos restantes y prevenir [&hellip;]<\/p>\n","protected":false},"author":1,"featured_media":2390,"comment_status":"open","ping_status":"open","sticky":false,"template":"","format":"standard","meta":{"footnotes":""},"categories":[8,185,54,67],"tags":[],"class_list":["post-2389","post","type-post","status-publish","format-standard","has-post-thumbnail","hentry","category-ayacucho","category-las-chacras","category-quines-ayacucho","category-san-martin"],"_links":{"self":[{"href":"https:\/\/vecinosdelinterior.com\/index.php\/wp-json\/wp\/v2\/posts\/2389","targetHints":{"allow":["GET"]}}],"collection":[{"href":"https:\/\/vecinosdelinterior.com\/index.php\/wp-json\/wp\/v2\/posts"}],"about":[{"href":"https:\/\/vecinosdelinterior.com\/index.php\/wp-json\/wp\/v2\/types\/post"}],"author":[{"embeddable":true,"href":"https:\/\/vecinosdelinterior.com\/index.php\/wp-json\/wp\/v2\/users\/1"}],"replies":[{"embeddable":true,"href":"https:\/\/vecinosdelinterior.com\/index.php\/wp-json\/wp\/v2\/comments?post=2389"}],"version-history":[{"count":1,"href":"https:\/\/vecinosdelinterior.com\/index.php\/wp-json\/wp\/v2\/posts\/2389\/revisions"}],"predecessor-version":[{"id":2391,"href":"https:\/\/vecinosdelinterior.com\/index.php\/wp-json\/wp\/v2\/posts\/2389\/revisions\/2391"}],"wp:featuredmedia":[{"embeddable":true,"href":"https:\/\/vecinosdelinterior.com\/index.php\/wp-json\/wp\/v2\/media\/2390"}],"wp:attachment":[{"href":"https:\/\/vecinosdelinterior.com\/index.php\/wp-json\/wp\/v2\/media?parent=2389"}],"wp:term":[{"taxonomy":"category","embeddable":true,"href":"https:\/\/vecinosdelinterior.com\/index.php\/wp-json\/wp\/v2\/categories?post=2389"},{"taxonomy":"post_tag","embeddable":true,"href":"https:\/\/vecinosdelinterior.com\/index.php\/wp-json\/wp\/v2\/tags?post=2389"}],"curies":[{"name":"wp","href":"https:\/\/api.w.org\/{rel}","templated":true}]}}