{"id":239,"date":"2023-08-04T17:52:02","date_gmt":"2023-08-04T20:52:02","guid":{"rendered":"https:\/\/vecinosdelinterior.com\/?p=239"},"modified":"2023-08-04T17:52:03","modified_gmt":"2023-08-04T20:52:03","slug":"la-remodelacion-de-la-plaza-de-villa-de-praga-beneficiara-a-vecinos-y-turistas","status":"publish","type":"post","link":"https:\/\/vecinosdelinterior.com\/index.php\/2023\/08\/04\/la-remodelacion-de-la-plaza-de-villa-de-praga-beneficiara-a-vecinos-y-turistas\/","title":{"rendered":"La remodelaci\u00f3n de la plaza de Villa de Praga beneficiar\u00e1 a vecinos y turistas"},"content":{"rendered":"\n<p>La obra p\u00fablica sigue a buen ritmo en el departamento San Mart\u00edn, con la puesta en valor de la plaza \u201cConrado Garc\u00eda Torres\u201d de Villa de Praga, localidad ubicada a 145 km al noreste de la ciudad de San Luis. Pr\u00f3ximamente se inaugurar\u00e1 el espacio totalmente acondicionado para el disfrute de ni\u00f1os, ni\u00f1as, adolescentes y adultos.<\/p>\n\n\n\n<figure class=\"wp-block-gallery has-nested-images columns-default is-cropped wp-block-gallery-1 is-layout-flex wp-block-gallery-is-layout-flex\">\n<figure class=\"wp-block-image size-large\"><img fetchpriority=\"high\" decoding=\"async\" width=\"1024\" height=\"683\" data-id=\"240\" src=\"https:\/\/vecinosdelinterior.com\/wp-content\/uploads\/2023\/08\/LOR1282-2048x1365-1-1024x683.jpg\" alt=\"\" class=\"wp-image-240\" srcset=\"https:\/\/vecinosdelinterior.com\/wp-content\/uploads\/2023\/08\/LOR1282-2048x1365-1-1024x683.jpg 1024w, https:\/\/vecinosdelinterior.com\/wp-content\/uploads\/2023\/08\/LOR1282-2048x1365-1-300x200.jpg 300w, https:\/\/vecinosdelinterior.com\/wp-content\/uploads\/2023\/08\/LOR1282-2048x1365-1-768x512.jpg 768w, https:\/\/vecinosdelinterior.com\/wp-content\/uploads\/2023\/08\/LOR1282-2048x1365-1-1536x1024.jpg 1536w, https:\/\/vecinosdelinterior.com\/wp-content\/uploads\/2023\/08\/LOR1282-2048x1365-1.jpg 2048w\" sizes=\"(max-width: 1024px) 100vw, 1024px\" \/><\/figure>\n\n\n\n<figure class=\"wp-block-image size-large\"><img decoding=\"async\" width=\"1024\" height=\"683\" data-id=\"241\" src=\"https:\/\/vecinosdelinterior.com\/wp-content\/uploads\/2023\/08\/LOR1291-scaled-1-1024x683.jpg\" alt=\"\" class=\"wp-image-241\" srcset=\"https:\/\/vecinosdelinterior.com\/wp-content\/uploads\/2023\/08\/LOR1291-scaled-1-1024x683.jpg 1024w, https:\/\/vecinosdelinterior.com\/wp-content\/uploads\/2023\/08\/LOR1291-scaled-1-300x200.jpg 300w, https:\/\/vecinosdelinterior.com\/wp-content\/uploads\/2023\/08\/LOR1291-scaled-1-768x512.jpg 768w, https:\/\/vecinosdelinterior.com\/wp-content\/uploads\/2023\/08\/LOR1291-scaled-1-1536x1024.jpg 1536w, https:\/\/vecinosdelinterior.com\/wp-content\/uploads\/2023\/08\/LOR1291-scaled-1-2048x1366.jpg 2048w\" sizes=\"(max-width: 1024px) 100vw, 1024px\" \/><\/figure>\n<\/figure>\n\n\n\n<p>\u201cEste trabajo y avance que se est\u00e1 realizando es algo muy lindo para disfrutarlo tanto los chicos como los grandes y los turistas ya que estamos pr\u00f3ximos a la temporada de verano\u201d, coment\u00f3 Romina Amaya, vecina de la localidad.<\/p>\n\n\n\n<p>El proyecto se desarrolla con 100% de mano de obra local. Uno de los trabajadores, Michell Lagos, dijo: \u201cA todos los alba\u00f1iles del lugar les vino muy bien est\u00e1 remodelaci\u00f3n y las dem\u00e1s obras porque todos tienen trabajo sin tener que trasladarse a ning\u00fan lado\u201d.<\/p>\n\n\n\n<p>El Programa de Proyectos de Infraestructura Urbana, dependiente del Ministerio de Obras P\u00fablicas e Infraestructura, trabaja en la puesta en valor de la plaza realizando una renovaci\u00f3n respecto a la est\u00e9tica y lo funcional del espacio recreativo, con la incorporaci\u00f3n de nuevos juegos para ni\u00f1os, cancha de f\u00fatbol tenis con c\u00e9sped sint\u00e9tico, reemplazo de la totalidad de luminarias por led, nuevas camineras de adoqu\u00edn con p\u00e9rgolas met\u00e1licas, bancos de hormig\u00f3n, cestos de basura y un cartel con una leyenda sobre Villa de Praga, realizada con letras corp\u00f3reas de metal, en la parte principal de la plaza.<\/p>\n","protected":false},"excerpt":{"rendered":"<p>La obra p\u00fablica sigue a buen ritmo en el departamento San Mart\u00edn, con la puesta en valor de la plaza \u201cConrado Garc\u00eda Torres\u201d de Villa de Praga, localidad ubicada a 145 km al noreste de la ciudad de San Luis. Pr\u00f3ximamente se inaugurar\u00e1 el espacio totalmente acondicionado para el disfrute de ni\u00f1os, ni\u00f1as, adolescentes y [&hellip;]<\/p>\n","protected":false},"author":1,"featured_media":241,"comment_status":"open","ping_status":"open","sticky":false,"template":"","format":"standard","meta":{"footnotes":""},"categories":[109],"tags":[79,110],"class_list":["post-239","post","type-post","status-publish","format-standard","has-post-thumbnail","hentry","category-villa-de-praga","tag-obras","tag-plaza"],"_links":{"self":[{"href":"https:\/\/vecinosdelinterior.com\/index.php\/wp-json\/wp\/v2\/posts\/239","targetHints":{"allow":["GET"]}}],"collection":[{"href":"https:\/\/vecinosdelinterior.com\/index.php\/wp-json\/wp\/v2\/posts"}],"about":[{"href":"https:\/\/vecinosdelinterior.com\/index.php\/wp-json\/wp\/v2\/types\/post"}],"author":[{"embeddable":true,"href":"https:\/\/vecinosdelinterior.com\/index.php\/wp-json\/wp\/v2\/users\/1"}],"replies":[{"embeddable":true,"href":"https:\/\/vecinosdelinterior.com\/index.php\/wp-json\/wp\/v2\/comments?post=239"}],"version-history":[{"count":1,"href":"https:\/\/vecinosdelinterior.com\/index.php\/wp-json\/wp\/v2\/posts\/239\/revisions"}],"predecessor-version":[{"id":242,"href":"https:\/\/vecinosdelinterior.com\/index.php\/wp-json\/wp\/v2\/posts\/239\/revisions\/242"}],"wp:featuredmedia":[{"embeddable":true,"href":"https:\/\/vecinosdelinterior.com\/index.php\/wp-json\/wp\/v2\/media\/241"}],"wp:attachment":[{"href":"https:\/\/vecinosdelinterior.com\/index.php\/wp-json\/wp\/v2\/media?parent=239"}],"wp:term":[{"taxonomy":"category","embeddable":true,"href":"https:\/\/vecinosdelinterior.com\/index.php\/wp-json\/wp\/v2\/categories?post=239"},{"taxonomy":"post_tag","embeddable":true,"href":"https:\/\/vecinosdelinterior.com\/index.php\/wp-json\/wp\/v2\/tags?post=239"}],"curies":[{"name":"wp","href":"https:\/\/api.w.org\/{rel}","templated":true}]}}