{"id":2407,"date":"2024-09-04T09:09:00","date_gmt":"2024-09-04T12:09:00","guid":{"rendered":"https:\/\/vecinosdelinterior.com\/?p=2407"},"modified":"2024-09-24T09:12:16","modified_gmt":"2024-09-24T12:12:16","slug":"a-98-anos-de-su-fundacion-arizona-celebra-su-belleza-natural-y-su-cultura-vibrante","status":"publish","type":"post","link":"https:\/\/vecinosdelinterior.com\/index.php\/2024\/09\/04\/a-98-anos-de-su-fundacion-arizona-celebra-su-belleza-natural-y-su-cultura-vibrante\/","title":{"rendered":"A 98 a\u00f1os de su fundaci\u00f3n, Arizona celebra su belleza natural y su cultura vibrante"},"content":{"rendered":"\n<p><\/p>\n\n\n\n<p>Vecinosdelinterior \/ 4 de septiembre de 2024<\/p>\n\n\n\n<p>En la localidad sure\u00f1a, ubicada en una zona agr\u00edcola-ganadera rica en cosecha de forrajes y cereales, se destaca el bosque de cald\u00e9n, que predomina en el paisaje.<\/p>\n\n\n\n<p>La <a><\/a>piedra fundamental de la capilla de Arizona fue colocada en 1928. All\u00ed se venera a Santa Sof\u00eda.<\/p>\n\n\n\n<p>Cielos despejados, una rica flora y fauna aut\u00f3ctona, fueron testigos del crecimiento de Arizona en un sector del coraz\u00f3n de la regi\u00f3n pampeana argentina, en el departamento Gobernador Dupuy, al sur de San Luis. El 5 de septiembre de 1926, con el remate de tierras de Enrique Santamarina, el loteo dio origen a las primeras casas del pueblo. En 1927 finaliz\u00f3 la construcci\u00f3n del Ramal Metileo-Arizona del Ferrocarril del Oeste.<\/p>\n\n\n\n<p>El 16 de diciembre de 1928, Enrique Santamarina coloc\u00f3 la piedra fundamental de la capilla donde despu\u00e9s se entronizar\u00eda y venerar\u00eda a Santa Sof\u00eda. La elecci\u00f3n de la capilla fue dispuesta por Santamarina en homenaje a su esposa, do\u00f1a Sof\u00eda Terreros.<\/p>\n\n\n\n<p>La localidad se encuentra sobre la ruta provincial 55, a 250 kil\u00f3metros de la ciudad de Villa Mercedes y a 346 kil\u00f3metros de la capital provincial, en una zona agr\u00edcola-ganadera, rica en cosecha de forrajes y cereales, donde la presencia del bosque de cald\u00e9n predomina en el paisaje.<\/p>\n","protected":false},"excerpt":{"rendered":"<p>Vecinosdelinterior \/ 4 de septiembre de 2024 En la localidad sure\u00f1a, ubicada en una zona agr\u00edcola-ganadera rica en cosecha de forrajes y cereales, se destaca el bosque de cald\u00e9n, que predomina en el paisaje. La piedra fundamental de la capilla de Arizona fue colocada en 1928. All\u00ed se venera a Santa Sof\u00eda. Cielos despejados, una [&hellip;]<\/p>\n","protected":false},"author":1,"featured_media":2408,"comment_status":"open","ping_status":"open","sticky":false,"template":"","format":"standard","meta":{"footnotes":""},"categories":[16],"tags":[324,177],"class_list":["post-2407","post","type-post","status-publish","format-standard","has-post-thumbnail","hentry","category-dupuy","tag-arizona","tag-gestiones-destacadas"],"_links":{"self":[{"href":"https:\/\/vecinosdelinterior.com\/index.php\/wp-json\/wp\/v2\/posts\/2407","targetHints":{"allow":["GET"]}}],"collection":[{"href":"https:\/\/vecinosdelinterior.com\/index.php\/wp-json\/wp\/v2\/posts"}],"about":[{"href":"https:\/\/vecinosdelinterior.com\/index.php\/wp-json\/wp\/v2\/types\/post"}],"author":[{"embeddable":true,"href":"https:\/\/vecinosdelinterior.com\/index.php\/wp-json\/wp\/v2\/users\/1"}],"replies":[{"embeddable":true,"href":"https:\/\/vecinosdelinterior.com\/index.php\/wp-json\/wp\/v2\/comments?post=2407"}],"version-history":[{"count":1,"href":"https:\/\/vecinosdelinterior.com\/index.php\/wp-json\/wp\/v2\/posts\/2407\/revisions"}],"predecessor-version":[{"id":2409,"href":"https:\/\/vecinosdelinterior.com\/index.php\/wp-json\/wp\/v2\/posts\/2407\/revisions\/2409"}],"wp:featuredmedia":[{"embeddable":true,"href":"https:\/\/vecinosdelinterior.com\/index.php\/wp-json\/wp\/v2\/media\/2408"}],"wp:attachment":[{"href":"https:\/\/vecinosdelinterior.com\/index.php\/wp-json\/wp\/v2\/media?parent=2407"}],"wp:term":[{"taxonomy":"category","embeddable":true,"href":"https:\/\/vecinosdelinterior.com\/index.php\/wp-json\/wp\/v2\/categories?post=2407"},{"taxonomy":"post_tag","embeddable":true,"href":"https:\/\/vecinosdelinterior.com\/index.php\/wp-json\/wp\/v2\/tags?post=2407"}],"curies":[{"name":"wp","href":"https:\/\/api.w.org\/{rel}","templated":true}]}}