{"id":2413,"date":"2024-09-09T10:21:00","date_gmt":"2024-09-09T13:21:00","guid":{"rendered":"https:\/\/vecinosdelinterior.com\/?p=2413"},"modified":"2024-09-24T10:23:22","modified_gmt":"2024-09-24T13:23:22","slug":"villa-de-merlo-cuatro-heridos-en-un-fuerte-choque-en-el-ingreso-a-villa-de-merlo","status":"publish","type":"post","link":"https:\/\/vecinosdelinterior.com\/index.php\/2024\/09\/09\/villa-de-merlo-cuatro-heridos-en-un-fuerte-choque-en-el-ingreso-a-villa-de-merlo\/","title":{"rendered":"VILLA DE MERLO: Cuatro heridos en un fuerte choque en el ingreso a Villa de Merlo"},"content":{"rendered":"\n<p>Un fuerte choque entre dos autos en la ruta provincial N\u00b01, en el ingreso a Villa de Merlo, dej\u00f3 como saldo cuatro personas heridas, este domingo por la noche.<br>Ocurri\u00f3 cerca de las 20.00, frente al hospital Madre Catalina Rodr\u00edguez, a la altura de la calle Las Lajas.<br>En el lugar impactaron un Renault Clio, en el que viajaban dos hombres, y un Honda Civic, donde transitaban un hombre y una mujer.<br>Los cuatro sufrieron traumatismos y fueron derivados al hospital.<br>Bomberos Voluntarios, personal del Sempro y la Polic\u00eda montaron un fuerte operativo tras el hecho que, incluso, interrumpi\u00f3 el tr\u00e1nsito durante varios minutos en la zona.<\/p>\n\n\n\n<figure class=\"wp-block-image size-large\"><img fetchpriority=\"high\" decoding=\"async\" width=\"768\" height=\"1024\" src=\"https:\/\/vecinosdelinterior.com\/wp-content\/uploads\/2024\/09\/459134638_378667351950624_7986211124778039303_n-768x1024.jpg\" alt=\"\" class=\"wp-image-2414\" srcset=\"https:\/\/vecinosdelinterior.com\/wp-content\/uploads\/2024\/09\/459134638_378667351950624_7986211124778039303_n-768x1024.jpg 768w, https:\/\/vecinosdelinterior.com\/wp-content\/uploads\/2024\/09\/459134638_378667351950624_7986211124778039303_n-225x300.jpg 225w, https:\/\/vecinosdelinterior.com\/wp-content\/uploads\/2024\/09\/459134638_378667351950624_7986211124778039303_n-750x1000.jpg 750w, https:\/\/vecinosdelinterior.com\/wp-content\/uploads\/2024\/09\/459134638_378667351950624_7986211124778039303_n.jpg 900w\" sizes=\"(max-width: 768px) 100vw, 768px\" \/><\/figure>\n","protected":false},"excerpt":{"rendered":"<p>Un fuerte choque entre dos autos en la ruta provincial N\u00b01, en el ingreso a Villa de Merlo, dej\u00f3 como saldo cuatro personas heridas, este domingo por la noche.Ocurri\u00f3 cerca de las 20.00, frente al hospital Madre Catalina Rodr\u00edguez, a la altura de la calle Las Lajas.En el lugar impactaron un Renault Clio, en el [&hellip;]<\/p>\n","protected":false},"author":1,"featured_media":2414,"comment_status":"open","ping_status":"open","sticky":false,"template":"","format":"standard","meta":{"footnotes":""},"categories":[1],"tags":[],"class_list":["post-2413","post","type-post","status-publish","format-standard","has-post-thumbnail","hentry","category-blog"],"_links":{"self":[{"href":"https:\/\/vecinosdelinterior.com\/index.php\/wp-json\/wp\/v2\/posts\/2413","targetHints":{"allow":["GET"]}}],"collection":[{"href":"https:\/\/vecinosdelinterior.com\/index.php\/wp-json\/wp\/v2\/posts"}],"about":[{"href":"https:\/\/vecinosdelinterior.com\/index.php\/wp-json\/wp\/v2\/types\/post"}],"author":[{"embeddable":true,"href":"https:\/\/vecinosdelinterior.com\/index.php\/wp-json\/wp\/v2\/users\/1"}],"replies":[{"embeddable":true,"href":"https:\/\/vecinosdelinterior.com\/index.php\/wp-json\/wp\/v2\/comments?post=2413"}],"version-history":[{"count":1,"href":"https:\/\/vecinosdelinterior.com\/index.php\/wp-json\/wp\/v2\/posts\/2413\/revisions"}],"predecessor-version":[{"id":2415,"href":"https:\/\/vecinosdelinterior.com\/index.php\/wp-json\/wp\/v2\/posts\/2413\/revisions\/2415"}],"wp:featuredmedia":[{"embeddable":true,"href":"https:\/\/vecinosdelinterior.com\/index.php\/wp-json\/wp\/v2\/media\/2414"}],"wp:attachment":[{"href":"https:\/\/vecinosdelinterior.com\/index.php\/wp-json\/wp\/v2\/media?parent=2413"}],"wp:term":[{"taxonomy":"category","embeddable":true,"href":"https:\/\/vecinosdelinterior.com\/index.php\/wp-json\/wp\/v2\/categories?post=2413"},{"taxonomy":"post_tag","embeddable":true,"href":"https:\/\/vecinosdelinterior.com\/index.php\/wp-json\/wp\/v2\/tags?post=2413"}],"curies":[{"name":"wp","href":"https:\/\/api.w.org\/{rel}","templated":true}]}}