{"id":2420,"date":"2024-05-25T10:27:00","date_gmt":"2024-05-25T13:27:00","guid":{"rendered":"https:\/\/vecinosdelinterior.com\/?p=2420"},"modified":"2024-09-24T10:28:23","modified_gmt":"2024-09-24T13:28:23","slug":"consejo-consultivo-upro-en-tilisarao","status":"publish","type":"post","link":"https:\/\/vecinosdelinterior.com\/index.php\/2024\/05\/25\/consejo-consultivo-upro-en-tilisarao\/","title":{"rendered":"Consejo Consultivo UPrO en Tilisarao"},"content":{"rendered":"\n<p><br>El 3\u00b0 encuentro del Consejo Consultivo se llev\u00f3 a cabo en la Sede UPrO Tilisarao y reuni\u00f3 a distintos profesionales y representantes de varios sectores que desean contribuir al crecimiento del norte pronvincial. A trav\u00e9s de una convocatoria abierta para integrar el Consejo, asistieron referentes de las localidades de Tilisarao, Naschel, La Toma, Renca, Villa del Carmen, San Pablo, La Punilla, Concar\u00e1n, Cortaderas y Villa Larca.<br>Durante el encuentro se realiz\u00f3 un an\u00e1lisis de las demandas actuales y futuras de los perfiles de formaci\u00f3n de recursos humanos en los distintos sectores productivos de la zona. Adem\u00e1s, discutimos sobre la creaci\u00f3n, revisi\u00f3n y actualizaci\u00f3n de la oferta acad\u00e9mica, con el fin de alinearla mejor con las necesidades del mercado laboral local y regional. Adem\u00e1s, se discutieron posibles acciones concretas para desarrollar la responsabilidad social y fortalecer el compromiso con la comunidad sanluise\u00f1a. \ud83d\udc9c \u00a1Agradecemos a cada uno de los asistentes por su compromiso!<\/p>\n\n\n\n<figure class=\"wp-block-image size-large\"><img fetchpriority=\"high\" decoding=\"async\" width=\"1024\" height=\"532\" src=\"https:\/\/vecinosdelinterior.com\/wp-content\/uploads\/2024\/09\/Noticia29b-1024x532.webp\" alt=\"\" class=\"wp-image-2421\" srcset=\"https:\/\/vecinosdelinterior.com\/wp-content\/uploads\/2024\/09\/Noticia29b-1024x532.webp 1024w, https:\/\/vecinosdelinterior.com\/wp-content\/uploads\/2024\/09\/Noticia29b-300x156.webp 300w, https:\/\/vecinosdelinterior.com\/wp-content\/uploads\/2024\/09\/Noticia29b-768x399.webp 768w, https:\/\/vecinosdelinterior.com\/wp-content\/uploads\/2024\/09\/Noticia29b-750x390.webp 750w, https:\/\/vecinosdelinterior.com\/wp-content\/uploads\/2024\/09\/Noticia29b-1140x593.webp 1140w, https:\/\/vecinosdelinterior.com\/wp-content\/uploads\/2024\/09\/Noticia29b.webp 1400w\" sizes=\"(max-width: 1024px) 100vw, 1024px\" \/><\/figure>\n","protected":false},"excerpt":{"rendered":"<p>El 3\u00b0 encuentro del Consejo Consultivo se llev\u00f3 a cabo en la Sede UPrO Tilisarao y reuni\u00f3 a distintos profesionales y representantes de varios sectores que desean contribuir al crecimiento del norte pronvincial. A trav\u00e9s de una convocatoria abierta para integrar el Consejo, asistieron referentes de las localidades de Tilisarao, Naschel, La Toma, Renca, Villa [&hellip;]<\/p>\n","protected":false},"author":1,"featured_media":2421,"comment_status":"open","ping_status":"open","sticky":false,"template":"","format":"standard","meta":{"footnotes":""},"categories":[29,30],"tags":[136],"class_list":["post-2420","post","type-post","status-publish","format-standard","has-post-thumbnail","hentry","category-chacabuco","category-tilisarao","tag-upro"],"_links":{"self":[{"href":"https:\/\/vecinosdelinterior.com\/index.php\/wp-json\/wp\/v2\/posts\/2420","targetHints":{"allow":["GET"]}}],"collection":[{"href":"https:\/\/vecinosdelinterior.com\/index.php\/wp-json\/wp\/v2\/posts"}],"about":[{"href":"https:\/\/vecinosdelinterior.com\/index.php\/wp-json\/wp\/v2\/types\/post"}],"author":[{"embeddable":true,"href":"https:\/\/vecinosdelinterior.com\/index.php\/wp-json\/wp\/v2\/users\/1"}],"replies":[{"embeddable":true,"href":"https:\/\/vecinosdelinterior.com\/index.php\/wp-json\/wp\/v2\/comments?post=2420"}],"version-history":[{"count":1,"href":"https:\/\/vecinosdelinterior.com\/index.php\/wp-json\/wp\/v2\/posts\/2420\/revisions"}],"predecessor-version":[{"id":2422,"href":"https:\/\/vecinosdelinterior.com\/index.php\/wp-json\/wp\/v2\/posts\/2420\/revisions\/2422"}],"wp:featuredmedia":[{"embeddable":true,"href":"https:\/\/vecinosdelinterior.com\/index.php\/wp-json\/wp\/v2\/media\/2421"}],"wp:attachment":[{"href":"https:\/\/vecinosdelinterior.com\/index.php\/wp-json\/wp\/v2\/media?parent=2420"}],"wp:term":[{"taxonomy":"category","embeddable":true,"href":"https:\/\/vecinosdelinterior.com\/index.php\/wp-json\/wp\/v2\/categories?post=2420"},{"taxonomy":"post_tag","embeddable":true,"href":"https:\/\/vecinosdelinterior.com\/index.php\/wp-json\/wp\/v2\/tags?post=2420"}],"curies":[{"name":"wp","href":"https:\/\/api.w.org\/{rel}","templated":true}]}}