{"id":2423,"date":"2024-09-12T10:51:00","date_gmt":"2024-09-12T13:51:00","guid":{"rendered":"https:\/\/vecinosdelinterior.com\/?p=2423"},"modified":"2024-09-24T10:53:08","modified_gmt":"2024-09-24T13:53:08","slug":"renca-madre-de-ciudades-cumple-271-anos-desde-su-fundacion","status":"publish","type":"post","link":"https:\/\/vecinosdelinterior.com\/index.php\/2024\/09\/12\/renca-madre-de-ciudades-cumple-271-anos-desde-su-fundacion\/","title":{"rendered":"Renca, madre de ciudades, cumple 271 a\u00f1os desde su fundaci\u00f3n"},"content":{"rendered":"\n<p>La hist\u00f3rica localidad, enclavada a orillas del r\u00edo Conlara en el departamento Chacabuco, celebra un nuevo aniversario de su fundaci\u00f3n el s\u00e1bado 14. Se desarrollar\u00e1n actividades para homenajear los or\u00edgenes y la historia del pueblo.<br>.<br>Renca es considerada la \u2018madre de ciudades\u2019 o la cuna de gobernadores porque all\u00ed nacieron cinco mandatarios provinciales. Tambi\u00e9n es concebida como la tierra de valientes granaderos, ya que hubo soldados de San Mart\u00edn que entregaron sus vidas por la libertad de Am\u00e9rica Latina. Es uno de los pueblos m\u00e1s antiguos de San Luis, su nombre significa en lengua mapuche \u2018hierba andina\u2019.<br>Entre sus m\u00e1s preciados tesoros, se encuentra el \u2018Santuario del Milagroso Se\u00f1or de Renca\u2019, que cada 3 de mayo re\u00fane a miles de fieles de toda la provincia y del pa\u00eds. Para reivindicar este nuevo aniversario fundacional, se realizar\u00e1 una misa de acci\u00f3n de gracias a las 11:00, en el templo que resguarda la imagen del milagroso Se\u00f1or de Renca, y posteriormente una procesi\u00f3n. Desde las 14:00, trasladar\u00e1n los festejos a la plaza \u2018Granaderos Puntanos\u2019, donde se llevar\u00e1 a cabo una feria de artesanos, un concurso de canto y una presentaci\u00f3n de n\u00fameros art\u00edsticos.<\/p>\n\n\n\n<figure class=\"wp-block-gallery has-nested-images columns-default is-cropped wp-block-gallery-1 is-layout-flex wp-block-gallery-is-layout-flex\">\n<figure class=\"wp-block-image size-large\"><img fetchpriority=\"high\" decoding=\"async\" width=\"900\" height=\"600\" data-id=\"2425\" src=\"https:\/\/vecinosdelinterior.com\/wp-content\/uploads\/2024\/09\/459306929_380737815076911_3928473370167438753_n.jpg\" alt=\"\" class=\"wp-image-2425\" srcset=\"https:\/\/vecinosdelinterior.com\/wp-content\/uploads\/2024\/09\/459306929_380737815076911_3928473370167438753_n.jpg 900w, https:\/\/vecinosdelinterior.com\/wp-content\/uploads\/2024\/09\/459306929_380737815076911_3928473370167438753_n-300x200.jpg 300w, https:\/\/vecinosdelinterior.com\/wp-content\/uploads\/2024\/09\/459306929_380737815076911_3928473370167438753_n-768x512.jpg 768w, https:\/\/vecinosdelinterior.com\/wp-content\/uploads\/2024\/09\/459306929_380737815076911_3928473370167438753_n-750x500.jpg 750w\" sizes=\"(max-width: 900px) 100vw, 900px\" \/><\/figure>\n\n\n\n<figure class=\"wp-block-image size-large\"><img decoding=\"async\" width=\"593\" height=\"395\" data-id=\"2424\" src=\"https:\/\/vecinosdelinterior.com\/wp-content\/uploads\/2024\/09\/459300139_380737778410248_5099872485064687493_n.jpg\" alt=\"\" class=\"wp-image-2424\" srcset=\"https:\/\/vecinosdelinterior.com\/wp-content\/uploads\/2024\/09\/459300139_380737778410248_5099872485064687493_n.jpg 593w, https:\/\/vecinosdelinterior.com\/wp-content\/uploads\/2024\/09\/459300139_380737778410248_5099872485064687493_n-300x200.jpg 300w\" sizes=\"(max-width: 593px) 100vw, 593px\" \/><\/figure>\n<\/figure>\n\n\n\n<p><br>Renca se levanta en el coraz\u00f3n de las Serran\u00edas Puntanas, en el Valle de Concar\u00e1n, que declina suavemente hacia el oeste. A\u00f1o tras a\u00f1o, miles de personas acuden devotamente a la festividad del Milagroso Se\u00f1or de Renca. Esta figura religiosa se encuentra resguarda en una de las capillas m\u00e1s antiguas de San Luis, que fue levantada en el a\u00f1o 1732.<br>El 17 de mayo, aniversario del natalicio del coronel Juan Pascual Pringles, se recuerda tambi\u00e9n a Juanario Luna, Jos\u00e9 Gregorio y Basilio Bustos, los granaderos nativos de Renca que murieron en la batalla de San Lorenzo contra los espa\u00f1oles en 1813.<br>Adem\u00e1s de su historia, Renca cuenta con una exquisita gastronom\u00eda regional, productores tradicionales y costumbres, r\u00edos, valles y una naturaleza que, en uni\u00f3n con la idiosincrasia de su gente, enamoran.<\/p>\n\n\n\n<p><br><strong>La Leyenda<br><\/strong>Cuenta la leyenda que un indio ciego hachaba un espinillo en un bosque cercano a Renca (pr\u00f3ximo a Limache, Chile), cuando sinti\u00f3 su rostro salpicado por la savia del \u00e1rbol. Repentinamente, recuper\u00f3 la vista y arroj\u00f3 el hacha para rastrear lo que le hab\u00eda causado aquella sensaci\u00f3n rara. En la b\u00fasqueda, tropez\u00f3 con un peque\u00f1o Cristo en el hueco carcomido del \u00e1rbol. La noticia de la milagrosa aparici\u00f3n cundi\u00f3 r\u00e1pidamente en todo Chile, y convoc\u00f3 a mucha gente para dar fe del prodigio. Los m\u00e1s piadosos resolvieron darlo a conocer en Cuyo y en C\u00f3rdoba, y se pusieron en marcha a trav\u00e9s de la Cordillera con el Cristo cargado sobre una mansa mula. En cada poblaci\u00f3n a la que llegaba, se lo colocaba en la Iglesia regional y daba origen a grandes ceremonias religiosas, al final de las cuales el indio hac\u00eda una colecta de dinero para erigirle un santuario. Al atravesar el r\u00edo Conlara, camino a la bella ciudad de C\u00f3rdoba, la mula que cargaba la Sagrada Imagen se ech\u00f3 y no hubo esfuerzo f\u00edsico que la hiciera levantar. Los creyentes interpretaron que all\u00ed quer\u00eda quedarse el Cristo y en 1932 trabajaron para levantarle una capilla. Ese lugar tom\u00f3 el nombre de \u2018El Se\u00f1or de Renca\u2019.<\/p>\n\n\n\n<p><br>En uno de sus terribles malones, los indios llegaron hasta esa villa y despu\u00e9s de saquearla, buscaron con af\u00e1n ese Se\u00f1or del que tanto se hablaba. Al dar con \u00e9l, lo sacaron a la plaza y lo lancearon arrojando sus pedazos en la tierra.<br>En cuanto los invasores se retiraron, los vecinos recogieron los restos dispersos del amado Cristo y lo reconstruyeron a la perfecci\u00f3n, para conservarlo hasta el presente como una reliquia sagrada e hist\u00f3rica. Durante la invasi\u00f3n de 1834, encabezada por el cacique Yanquetruz, los indios penetraron en Renca, Santa B\u00e1rbara y bajaron a La Carolina, atra\u00eddos por la fama de las minas y su comercio. Los vecinos pusieron a salvo la imagen llev\u00e1ndola a Las Lagunas y una vez pasado el peligro, el Se\u00f1or de Renca volvi\u00f3 a su capilla.<\/p>\n\n\n\n<p><br><strong>Casa Hist\u00f3rica Provincial \u2018Jos\u00e9 Santos Ortiz\u2019<\/strong><\/p>\n\n\n\n<p><br>En una de las esquinas que forma la plaza \u2018Granaderos Puntanos\u2019, se encuentra la casa que rinde homenaje al primer gobernador de Renca, Don Jos\u00e9 Santos Ortiz, quien naci\u00f3 en 1784.<\/p>\n\n\n\n<p><br>En este edificio, funcion\u00f3 la primera escuela de Renca: Escuela Superior N\u00b073 \u2018Los tres granaderos de Renca\u2019, la cual fue inaugurada el 25 de mayo de 1874 durante la presidencia de Domingo Faustino Sarmiento y la gobernaci\u00f3n del Renque\u00f1o Lindor Quiroga.<br>El primer director del establecimiento educativo fue Don Saturnino Gonz\u00e1lez Camarero. Durante la gobernaci\u00f3n de este pr\u00f3cer homenajeado, se establecieron las bases para organizar la provincia en lo administrativo, judicial y pol\u00edtico. Santos Ortiz encuentra su muerte al regresar de Santiago del Estero, encomendado de una misi\u00f3n pacificadora entre esta provincia y Tucum\u00e1n. En el paraje Barranca Yaco fueron emboscados y asesinados, lugar donde tambi\u00e9n muri\u00f3 Facundo Quiroga junto con toda su comitiva.<br>Este edificio, adem\u00e1s de sorprender por su arquitectura (con gruesas paredes y un techo que conserva tirantes de quebracho cortados con hacha), tambi\u00e9n es el Auditorio de la localidad, donde se realizan importantes conferencias culturales, hist\u00f3ricas y tecnol\u00f3gicas. En su amplio jard\u00edn, se encuentra la escultura de un granadero uniformado, como los que acompa\u00f1aron al General San Mart\u00edn en su primer ej\u00e9rcito, junto a un gran pino, que fue reto\u00f1o del que fue testigo de la Batalla de San Lorenzo.<br>Dentro de la casa, se recuerda a Lindor Quiroga, Santos Ortiz, Toribio, Eriberto y Ger\u00f3nimo Mendoza mediante una exposici\u00f3n de objetos perteneciente a estos pr\u00f3ceres.<\/p>\n\n\n\n<p><br><strong>Dique San Felipe<br><\/strong>El espejo de agua, que se ubica a 138 kil\u00f3metros de la capital sanluise\u00f1a en el departamento San Mart\u00edn, es uno de los favoritos de los pescadores. Se asienta en la cuenca del r\u00edo Conlara. Posee una cuenca hidrol\u00f3gica de aporte de 1.130 kil\u00f3metros cuadrados y posee una capacidad de riego de 13.000 hect\u00e1reas.<br>La presa es una de las m\u00e1s representativas de la provincia, con una superficie de 1.282 hect\u00e1reas y una capacidad de embalse de 81 hect\u00f3metro c\u00fabico. El uso principal que se le otorga es el abastecimiento de agua para la poblaci\u00f3n, el riego, la ganader\u00eda y la generaci\u00f3n de energ\u00eda hidroel\u00e9ctrica adem\u00e1s del uso recreativo con la pr\u00e1ctica de actividades n\u00e1uticas, tur\u00edsticas y deportivas.<br>Su pintoresco marco natural potencia el gran desarrollo tur\u00edstico de la zona, con una destacada oferta de clubes, campings y servicios gastron\u00f3micos.<br>Plaza Granaderos de Renca<br>Es el lugar de nacimientos de los tres granaderos sanluise\u00f1os. En el a\u00f1o 1991, fueron trasladados a su morada definitiva: el \u2018Monumento al Pueblo Puntano de la Independencia\u2019 en el campamento hist\u00f3rico de Las Chacras. En el A\u00f1o 2005, la plaza central de la ciudad pas\u00f3 a llamarse \u2018Granaderos Puntanos de Renca\u2019, a modo de homenaje. Cuenta con un dise\u00f1o muy moderno que combina vegetaci\u00f3n aut\u00f3ctona, veredas laterales y diagonales realizadas en distintos tipos de granito. Tambi\u00e9n dispone de bancos de madera artesanales, que se encuentran tallados con los nombres de pr\u00f3ceres puntanos.<\/p>\n\n\n\n<p><br><strong>Santuario Cristo De Renca<br><\/strong>La capilla fue levantada en 1732 y es una de las m\u00e1s antiguas de la provincia. Los padres jesuitas que viajaron de Chile trajeron consigo algunos fragmentos de las sagradas astillas de la venerada cruz e imagen de Cristo, la cual fue encontrada labrada en un \u00e1rbol por un indio en el bosque chileno. Esto dar\u00eda el origen al nombre de la localidad \u2018Renca\u2019, que proviene de una especie vegetal.<br>En abril de 1947, el poeta Polo Godoy Rojo public\u00f3 un art\u00edculo en el diario \u2018El Heraldo de San Luis\u2019, en el cual se\u00f1ala que la capilla antigua, modest\u00edsima construcci\u00f3n de adobe, se hallaba deteriorada a un nivel que volv\u00eda necesario derrumbarla a fin de evitar males mayores. El Se\u00f1or de Renca quedar\u00eda provisoriamente depositado en una pieza cedida por el Sr. Bernardo Dom\u00ednguez. En 1764, el Obispo Alday Aspee elev\u00f3 su categor\u00eda a Parroquia y su primer p\u00e1rroco fue Juan Francisco Regis Becerra, quien ejerci\u00f3 su apostolado en ese lugar durante casi 50 a\u00f1os.<br>En el costado este de la actual parroquia, existe un monolito que exhibe en su placa que all\u00ed existi\u00f3 la primera capilla antedicha. El edificio del templo es una nave rectangular, modulada con relieves de columnas con capitel y arcos rebajados, que est\u00e1n adecuados al \u00e1ngulo del cielorraso de techo a dos aguas. La fachada repite los relieves de columnas, donde cuatro coinciden con el frontispicio triangular y dos con el borde de la edificaci\u00f3n. El pa\u00f1o que ubicado al conjunto central coincide con el de los campanarios laterales. Estos est\u00e1n compuestos de prismas rectangulares, calados con abertura de arcos de medio punto en todas sus caras y remate piramidal.<br>La fachada presenta una \u00fanica puerta con arco, que es el acceso principal. La imagen del Cristo se encuentra expuesta a la derecha del altar, en un baldaqu\u00edn formado por columnas de fuste en m\u00e1rmol \u00f3nix y capiteles dorados, que sostienen una c\u00fapula de base octogonal.<\/p>\n\n\n\n<p><br><strong>Balneario Municipal<br><\/strong>Sobre las costas del r\u00edo Conlara, se encuentra el Balneario Municipal: lugar en el que coincide la concurrencia de vecinos y turistas para desarrollar actividades recreativas, durante la temporada alta y en otras estaciones del a\u00f1o.<br>Cuenta con servicio de proveedur\u00eda y sanitarios, adem\u00e1s de una hermosa pileta emplazada en un para\u00edso natural que, con sus panoramas de altura y cursos de agua, encarna uno de los puntos tur\u00edsticos m\u00e1s atractivos del Valle del Conlara. ANSL<\/p>\n","protected":false},"excerpt":{"rendered":"<p>La hist\u00f3rica localidad, enclavada a orillas del r\u00edo Conlara en el departamento Chacabuco, celebra un nuevo aniversario de su fundaci\u00f3n el s\u00e1bado 14. Se desarrollar\u00e1n actividades para homenajear los or\u00edgenes y la historia del pueblo..Renca es considerada la \u2018madre de ciudades\u2019 o la cuna de gobernadores porque all\u00ed nacieron cinco mandatarios provinciales. Tambi\u00e9n es concebida [&hellip;]<\/p>\n","protected":false},"author":1,"featured_media":2425,"comment_status":"open","ping_status":"open","sticky":false,"template":"","format":"standard","meta":{"footnotes":""},"categories":[29,220],"tags":[175],"class_list":["post-2423","post","type-post","status-publish","format-standard","has-post-thumbnail","hentry","category-chacabuco","category-renca","tag-turismo"],"_links":{"self":[{"href":"https:\/\/vecinosdelinterior.com\/index.php\/wp-json\/wp\/v2\/posts\/2423","targetHints":{"allow":["GET"]}}],"collection":[{"href":"https:\/\/vecinosdelinterior.com\/index.php\/wp-json\/wp\/v2\/posts"}],"about":[{"href":"https:\/\/vecinosdelinterior.com\/index.php\/wp-json\/wp\/v2\/types\/post"}],"author":[{"embeddable":true,"href":"https:\/\/vecinosdelinterior.com\/index.php\/wp-json\/wp\/v2\/users\/1"}],"replies":[{"embeddable":true,"href":"https:\/\/vecinosdelinterior.com\/index.php\/wp-json\/wp\/v2\/comments?post=2423"}],"version-history":[{"count":1,"href":"https:\/\/vecinosdelinterior.com\/index.php\/wp-json\/wp\/v2\/posts\/2423\/revisions"}],"predecessor-version":[{"id":2426,"href":"https:\/\/vecinosdelinterior.com\/index.php\/wp-json\/wp\/v2\/posts\/2423\/revisions\/2426"}],"wp:featuredmedia":[{"embeddable":true,"href":"https:\/\/vecinosdelinterior.com\/index.php\/wp-json\/wp\/v2\/media\/2425"}],"wp:attachment":[{"href":"https:\/\/vecinosdelinterior.com\/index.php\/wp-json\/wp\/v2\/media?parent=2423"}],"wp:term":[{"taxonomy":"category","embeddable":true,"href":"https:\/\/vecinosdelinterior.com\/index.php\/wp-json\/wp\/v2\/categories?post=2423"},{"taxonomy":"post_tag","embeddable":true,"href":"https:\/\/vecinosdelinterior.com\/index.php\/wp-json\/wp\/v2\/tags?post=2423"}],"curies":[{"name":"wp","href":"https:\/\/api.w.org\/{rel}","templated":true}]}}