{"id":2427,"date":"2024-09-16T10:54:00","date_gmt":"2024-09-16T13:54:00","guid":{"rendered":"https:\/\/vecinosdelinterior.com\/?p=2427"},"modified":"2024-09-24T23:10:44","modified_gmt":"2024-09-25T02:10:44","slug":"coordinan-acciones-de-prevencion-del-dengue-en-el-norte-provincial","status":"publish","type":"post","link":"https:\/\/vecinosdelinterior.com\/index.php\/2024\/09\/16\/coordinan-acciones-de-prevencion-del-dengue-en-el-norte-provincial\/","title":{"rendered":"Coordinan acciones de prevenci\u00f3n del dengue en el norte provincial"},"content":{"rendered":"\n<p>La ministra de Salud, Teresa Nigra, se reuni\u00f3 con los intendentes de Quines, Candelaria y Luj\u00e1n en pos de continuar con la campa\u00f1a temprana de prevenci\u00f3n contra la propagaci\u00f3n del dengue. El operativo que comenz\u00f3 a principios de septiembre, tiene como objetivo realizar un abordaje multisectorial para prevenir de manera anticipada la proliferaci\u00f3n del mosquito transmisor.<\/p>\n\n\n\n<p><br>La Ministra de Salud se reuni\u00f3 con la intendenta de Quines, Antonella Mac\u00edas y el diputado provincial, Oscar Mac\u00edas.<br>Durante la jornada, la ministra Nigra acompa\u00f1ada de su equipo, se reuni\u00f3 con los intendentes, legisladores y referentes locales para discutir los detalles del plan provincial de prevenci\u00f3n del dengue, que incluye medidas integrales para el control de vectores y la concientizaci\u00f3n de la comunidad.<br>Adem\u00e1s, Nigra visit\u00f3 hospitales y centros de salud de la regi\u00f3n para supervisar el avance de la capacitaci\u00f3n de los agentes sanitarios, quienes ser\u00e1n los encargados de replicar la campa\u00f1a en instituciones intermedias. Este proceso de formaci\u00f3n es fundamental para fortalecer la prevenci\u00f3n y el control del mosquito en las zonas afectadas, asegurando una respuesta eficaz en la lucha contra el dengue.<\/p>\n\n\n\n<p><br>Cabe mencionar que esta semana, la direcci\u00f3n de Epidemiolog\u00eda y Bioestad\u00edstica del ministerio de Salud complet\u00f3 una serie de capacitaciones dirigidas a brigadas municipales de estas mismas localidades a fin de reforzar la planificaci\u00f3n de acciones para la prevenci\u00f3n y control del dengue, obteniendo excelentes resultados.<br>La campa\u00f1a, que se implementa simult\u00e1neamente en toda la provincia, busca articular esfuerzos entre los distintos sectores de la comunidad, asegurando una colaboraci\u00f3n interinstitucional para proteger a la poblaci\u00f3n ante posibles brotes.<br>Nigra se reuni\u00f3 con el intendente de Luj\u00e1n, Pablo L\u00f3pez.<\/p>\n\n\n\n<p><br><strong>Candelaria<br><\/strong>En las primeras horas de la ma\u00f1ana de hoy, la ministra de Salud se entrevist\u00f3 con el intendente de la localidad de Candelaria, Jos\u00e9 Ignacio Casas, para abordar una agenda variada de temas cruciales para la salud p\u00fablica de la regi\u00f3n. Durante la reuni\u00f3n, se destac\u00f3 el trabajo fundamental que llevan adelante los agentes sanitarios de Candelaria y el equipo de control de vectores, quienes son clave en la prevenci\u00f3n y control de enfermedades en la localidad.<br>Uno de los puntos centrales de la reuni\u00f3n fue la importancia de coordinar las acciones entre los diferentes organismos del Estado para maximizar el impacto de las pol\u00edticas de salud. En este sentido, el intendente de Candelaria manifest\u00f3 la total disposici\u00f3n del municipio para colaborar con otras intendencias y parajes cercanos en la implementaci\u00f3n de acciones colaborativas que beneficien a toda la regi\u00f3n.<br><strong>Quines<\/strong><br>Continuando con la gira por el norte provincial, la Ministra se reuni\u00f3 en horas del mediod\u00eda con la intendenta de Quines, Antonella Mac\u00edas, quien estuvo acompa\u00f1ada por el diputado del departamento Ayacucho, Oscar Mac\u00edas, y miembros del gabinete local. All\u00ed, coincidieron en la necesidad de aunar esfuerzos para hacer frente a la nueva realidad que presenta el dengue como enfermedad end\u00e9mica y se comprometieron a colaborar activamente. Durante la temporada estival de 2023-2024, la localidad norte\u00f1a fue una de las m\u00e1s afectadas por el dengue, registr\u00e1ndose 275 casos en total, sobre una poblaci\u00f3n estimada de 12.000 personas.<br><strong>Luj\u00e1n<\/strong><br>En la localidad de Luj\u00e1n, la Ministra recorri\u00f3 las instalaciones del hospital \u2018Juan Arturo Klipsons\u2019 y se reuni\u00f3 con la directora Tamara Nieto. Tras la recorrida por las instalaciones del centro de salud, Nigra visit\u00f3 la sede municipal donde fue recibida por el intendente Pablo L\u00f3pez y su equipo de colaboradores. El encuentro dej\u00f3 en claro que la colaboraci\u00f3n interinstitucional ser\u00e1 clave en las primeras etapas del plan, que incluye el descacharrado domiciliario y la capacitaci\u00f3n, para lograr el \u00e9xito en la lucha contra el dengue en la regi\u00f3n.<\/p>\n","protected":false},"excerpt":{"rendered":"<p>La ministra de Salud, Teresa Nigra, se reuni\u00f3 con los intendentes de Quines, Candelaria y Luj\u00e1n en pos de continuar con la campa\u00f1a temprana de prevenci\u00f3n contra la propagaci\u00f3n del dengue. El operativo que comenz\u00f3 a principios de septiembre, tiene como objetivo realizar un abordaje multisectorial para prevenir de manera anticipada la proliferaci\u00f3n del mosquito [&hellip;]<\/p>\n","protected":false},"author":1,"featured_media":2428,"comment_status":"open","ping_status":"open","sticky":false,"template":"","format":"standard","meta":{"footnotes":""},"categories":[8,51,36,54],"tags":[373,356,335],"class_list":["post-2427","post","type-post","status-publish","format-standard","has-post-thumbnail","hentry","category-ayacucho","category-candelaria","category-lujan","category-quines-ayacucho","tag-dengue","tag-gobierno","tag-salud"],"_links":{"self":[{"href":"https:\/\/vecinosdelinterior.com\/index.php\/wp-json\/wp\/v2\/posts\/2427","targetHints":{"allow":["GET"]}}],"collection":[{"href":"https:\/\/vecinosdelinterior.com\/index.php\/wp-json\/wp\/v2\/posts"}],"about":[{"href":"https:\/\/vecinosdelinterior.com\/index.php\/wp-json\/wp\/v2\/types\/post"}],"author":[{"embeddable":true,"href":"https:\/\/vecinosdelinterior.com\/index.php\/wp-json\/wp\/v2\/users\/1"}],"replies":[{"embeddable":true,"href":"https:\/\/vecinosdelinterior.com\/index.php\/wp-json\/wp\/v2\/comments?post=2427"}],"version-history":[{"count":1,"href":"https:\/\/vecinosdelinterior.com\/index.php\/wp-json\/wp\/v2\/posts\/2427\/revisions"}],"predecessor-version":[{"id":2429,"href":"https:\/\/vecinosdelinterior.com\/index.php\/wp-json\/wp\/v2\/posts\/2427\/revisions\/2429"}],"wp:featuredmedia":[{"embeddable":true,"href":"https:\/\/vecinosdelinterior.com\/index.php\/wp-json\/wp\/v2\/media\/2428"}],"wp:attachment":[{"href":"https:\/\/vecinosdelinterior.com\/index.php\/wp-json\/wp\/v2\/media?parent=2427"}],"wp:term":[{"taxonomy":"category","embeddable":true,"href":"https:\/\/vecinosdelinterior.com\/index.php\/wp-json\/wp\/v2\/categories?post=2427"},{"taxonomy":"post_tag","embeddable":true,"href":"https:\/\/vecinosdelinterior.com\/index.php\/wp-json\/wp\/v2\/tags?post=2427"}],"curies":[{"name":"wp","href":"https:\/\/api.w.org\/{rel}","templated":true}]}}