{"id":2430,"date":"2024-09-24T23:12:11","date_gmt":"2024-09-25T02:12:11","guid":{"rendered":"https:\/\/vecinosdelinterior.com\/?p=2430"},"modified":"2024-09-24T23:12:39","modified_gmt":"2024-09-25T02:12:39","slug":"buena-esperanza-coordinacion-en-la-prevencion-contra-el-dengue","status":"publish","type":"post","link":"https:\/\/vecinosdelinterior.com\/index.php\/2024\/09\/24\/buena-esperanza-coordinacion-en-la-prevencion-contra-el-dengue\/","title":{"rendered":"Buena Esperanza: coordinaci\u00f3n en la prevenci\u00f3n contra el dengue"},"content":{"rendered":"\n<p>La Intendente Municipal, Ing. Qca. Sof\u00eda Larroude, se reuni\u00f3 con la Jueza del Juzgado de Faltas, Dra. \u00c9rica Coria, y el Concejal Sebasti\u00e1n Ben\u00edtez para dialogar sobre el cumplimiento de las normativas locales por parte de los vecinos.<br>Se trat\u00f3 el trabajo conjunto en la limpieza y mantenimiento de terrenos, con el juzgado notificando y solicitando la limpieza de terrenos y bald\u00edos.<br>Adem\u00e1s, se destac\u00f3 la importancia de estas acciones para prevenir la propagaci\u00f3n del dengue, promoviendo la higiene en espacios privados y comunitarios.<br>Juntos, estamos construyendo un pueblo m\u00e1s limpio y saludable para todos.<\/p>\n","protected":false},"excerpt":{"rendered":"<p>La Intendente Municipal, Ing. Qca. Sof\u00eda Larroude, se reuni\u00f3 con la Jueza del Juzgado de Faltas, Dra. \u00c9rica Coria, y el Concejal Sebasti\u00e1n Ben\u00edtez para dialogar sobre el cumplimiento de las normativas locales por parte de los vecinos.Se trat\u00f3 el trabajo conjunto en la limpieza y mantenimiento de terrenos, con el juzgado notificando y solicitando [&hellip;]<\/p>\n","protected":false},"author":1,"featured_media":2431,"comment_status":"open","ping_status":"open","sticky":false,"template":"","format":"standard","meta":{"footnotes":""},"categories":[18,16],"tags":[373],"class_list":["post-2430","post","type-post","status-publish","format-standard","has-post-thumbnail","hentry","category-buena-esperanza-dupuy","category-dupuy","tag-dengue"],"_links":{"self":[{"href":"https:\/\/vecinosdelinterior.com\/index.php\/wp-json\/wp\/v2\/posts\/2430","targetHints":{"allow":["GET"]}}],"collection":[{"href":"https:\/\/vecinosdelinterior.com\/index.php\/wp-json\/wp\/v2\/posts"}],"about":[{"href":"https:\/\/vecinosdelinterior.com\/index.php\/wp-json\/wp\/v2\/types\/post"}],"author":[{"embeddable":true,"href":"https:\/\/vecinosdelinterior.com\/index.php\/wp-json\/wp\/v2\/users\/1"}],"replies":[{"embeddable":true,"href":"https:\/\/vecinosdelinterior.com\/index.php\/wp-json\/wp\/v2\/comments?post=2430"}],"version-history":[{"count":1,"href":"https:\/\/vecinosdelinterior.com\/index.php\/wp-json\/wp\/v2\/posts\/2430\/revisions"}],"predecessor-version":[{"id":2432,"href":"https:\/\/vecinosdelinterior.com\/index.php\/wp-json\/wp\/v2\/posts\/2430\/revisions\/2432"}],"wp:featuredmedia":[{"embeddable":true,"href":"https:\/\/vecinosdelinterior.com\/index.php\/wp-json\/wp\/v2\/media\/2431"}],"wp:attachment":[{"href":"https:\/\/vecinosdelinterior.com\/index.php\/wp-json\/wp\/v2\/media?parent=2430"}],"wp:term":[{"taxonomy":"category","embeddable":true,"href":"https:\/\/vecinosdelinterior.com\/index.php\/wp-json\/wp\/v2\/categories?post=2430"},{"taxonomy":"post_tag","embeddable":true,"href":"https:\/\/vecinosdelinterior.com\/index.php\/wp-json\/wp\/v2\/tags?post=2430"}],"curies":[{"name":"wp","href":"https:\/\/api.w.org\/{rel}","templated":true}]}}