{"id":2449,"date":"2024-09-25T20:14:18","date_gmt":"2024-09-25T23:14:18","guid":{"rendered":"https:\/\/vecinosdelinterior.com\/?p=2449"},"modified":"2024-09-25T20:14:47","modified_gmt":"2024-09-25T23:14:47","slug":"buscan-apagar-el-unico-incendio-activo-que-queda-en-san-luis","status":"publish","type":"post","link":"https:\/\/vecinosdelinterior.com\/index.php\/2024\/09\/25\/buscan-apagar-el-unico-incendio-activo-que-queda-en-san-luis\/","title":{"rendered":"Buscan apagar el \u00fanico incendio activo que queda en San Luis"},"content":{"rendered":"\n<p><\/p>\n\n\n\n<p>Varias dotaciones de bomberos trabajan arduamente en la zona de La Aguada. Las brigadas luchan contra la presencia del viento para controlar el fuego antes de que llegue la noche.<\/p>\n\n\n\n<p>Los cuerpos de bomberos de Luj\u00e1n y San Francisco est\u00e1n constantemente en alerta, listos para intervenir si la situaci\u00f3n lo requiere.<br>Brigadistas y bomberos siguen trabajando en el control del foco activo en la localidad de Quines, el \u00fanico que queda en la provincia. Gustavo Albornoz, subdirector Operativo Sur del ministerio de Seguridad, brind\u00f3 detalles sobre la situaci\u00f3n y las acciones implementadas para contener el avance.<\/p>\n\n\n\n<p>En la madrugada de este martes, el incendio present\u00f3 actividad en retroceso debido al cambio en la direcci\u00f3n del viento, concentr\u00e1ndose en el \u00e1rea conocida como La Aguada. Seg\u00fan Albornoz, por el momento no existe riesgo de afectaci\u00f3n a \u00e1reas habitadas y diagraman estrategias para llevar a cabo ataques directos sobre las l\u00edneas de fuego.<\/p>\n\n\n\n<p>Este martes, los Bomberos Voluntarios de Quines trabajaron en la evaluaci\u00f3n de la zona y el combate del incendio, con la dificultad del relieve y los problemas topogr\u00e1ficos que presenta el terreno. En apoyo, los cuerpos de bomberos de Luj\u00e1n y San Francisco est\u00e1n constantemente en alerta, listos para intervenir si la situaci\u00f3n lo requiere.<\/p>\n\n\n\n<p>Parte del equipo operativo de la cartera de Seguridad, junto con la Brigada de Incendios Forestales y el Plan Nacional de Manejo del Fuego, contin\u00faa desplegado en la zona y coordina esfuerzos para controlar el incendio y asegurar la protecci\u00f3n de las \u00e1reas de los alrededores.<\/p>\n\n\n\n<p>Albornoz indic\u00f3 que realizan trabajos intensivos en los caminos identificados para realizar ataques directos a las zonas m\u00e1s activas del incendio.<\/p>\n","protected":false},"excerpt":{"rendered":"<p>Varias dotaciones de bomberos trabajan arduamente en la zona de La Aguada. Las brigadas luchan contra la presencia del viento para controlar el fuego antes de que llegue la noche. Los cuerpos de bomberos de Luj\u00e1n y San Francisco est\u00e1n constantemente en alerta, listos para intervenir si la situaci\u00f3n lo requiere.Brigadistas y bomberos siguen trabajando [&hellip;]<\/p>\n","protected":false},"author":1,"featured_media":2450,"comment_status":"open","ping_status":"open","sticky":false,"template":"","format":"standard","meta":{"footnotes":""},"categories":[8,54],"tags":[176],"class_list":["post-2449","post","type-post","status-publish","format-standard","has-post-thumbnail","hentry","category-ayacucho","category-quines-ayacucho","tag-medioambiente"],"_links":{"self":[{"href":"https:\/\/vecinosdelinterior.com\/index.php\/wp-json\/wp\/v2\/posts\/2449","targetHints":{"allow":["GET"]}}],"collection":[{"href":"https:\/\/vecinosdelinterior.com\/index.php\/wp-json\/wp\/v2\/posts"}],"about":[{"href":"https:\/\/vecinosdelinterior.com\/index.php\/wp-json\/wp\/v2\/types\/post"}],"author":[{"embeddable":true,"href":"https:\/\/vecinosdelinterior.com\/index.php\/wp-json\/wp\/v2\/users\/1"}],"replies":[{"embeddable":true,"href":"https:\/\/vecinosdelinterior.com\/index.php\/wp-json\/wp\/v2\/comments?post=2449"}],"version-history":[{"count":1,"href":"https:\/\/vecinosdelinterior.com\/index.php\/wp-json\/wp\/v2\/posts\/2449\/revisions"}],"predecessor-version":[{"id":2451,"href":"https:\/\/vecinosdelinterior.com\/index.php\/wp-json\/wp\/v2\/posts\/2449\/revisions\/2451"}],"wp:featuredmedia":[{"embeddable":true,"href":"https:\/\/vecinosdelinterior.com\/index.php\/wp-json\/wp\/v2\/media\/2450"}],"wp:attachment":[{"href":"https:\/\/vecinosdelinterior.com\/index.php\/wp-json\/wp\/v2\/media?parent=2449"}],"wp:term":[{"taxonomy":"category","embeddable":true,"href":"https:\/\/vecinosdelinterior.com\/index.php\/wp-json\/wp\/v2\/categories?post=2449"},{"taxonomy":"post_tag","embeddable":true,"href":"https:\/\/vecinosdelinterior.com\/index.php\/wp-json\/wp\/v2\/tags?post=2449"}],"curies":[{"name":"wp","href":"https:\/\/api.w.org\/{rel}","templated":true}]}}