{"id":2452,"date":"2024-09-27T14:04:55","date_gmt":"2024-09-27T17:04:55","guid":{"rendered":"https:\/\/vecinosdelinterior.com\/?p=2452"},"modified":"2024-09-27T14:04:55","modified_gmt":"2024-09-27T17:04:55","slug":"villa-de-merlo-habra-un-corte-de-agua-por-3-horas","status":"publish","type":"post","link":"https:\/\/vecinosdelinterior.com\/index.php\/2024\/09\/27\/villa-de-merlo-habra-un-corte-de-agua-por-3-horas\/","title":{"rendered":"VILLA DE MERLO: Habr\u00e1 un corte de agua por 3 horas"},"content":{"rendered":"\n<p><\/p>\n\n\n\n<p>Es debido a que realizar\u00e1n trabajos en la l\u00ednea el\u00e9ctrica de la estaci\u00f3n de bombeo N\u00b02 de Merlo, seg\u00fan inform\u00f3 San Luis Agua<\/p>\n\n\n\n<p>\u00abPor trabajos en la l\u00ednea el\u00e9ctrica en la zona de la empresa Edesal, el s\u00e1bado el funcionamiento de la Estaci\u00f3n de Bombeo N\u00b02 se ver\u00e1 interrumpido durante tres horas aproximadamente\u00bb publicaron.<\/p>\n\n\n\n<p>Desde la sociedad estatal recomiendan que en el lapso de 11:00 a 14:00 horas, se haga un manejo del agua de manera prudente y responsable para evitar faltantes.<\/p>\n","protected":false},"excerpt":{"rendered":"<p>Es debido a que realizar\u00e1n trabajos en la l\u00ednea el\u00e9ctrica de la estaci\u00f3n de bombeo N\u00b02 de Merlo, seg\u00fan inform\u00f3 San Luis Agua \u00abPor trabajos en la l\u00ednea el\u00e9ctrica en la zona de la empresa Edesal, el s\u00e1bado el funcionamiento de la Estaci\u00f3n de Bombeo N\u00b02 se ver\u00e1 interrumpido durante tres horas aproximadamente\u00bb publicaron. Desde [&hellip;]<\/p>\n","protected":false},"author":1,"featured_media":2453,"comment_status":"open","ping_status":"open","sticky":false,"template":"","format":"standard","meta":{"footnotes":""},"categories":[23,73],"tags":[432],"class_list":["post-2452","post","type-post","status-publish","format-standard","has-post-thumbnail","hentry","category-junin","category-merlo","tag-corte-de-agua"],"_links":{"self":[{"href":"https:\/\/vecinosdelinterior.com\/index.php\/wp-json\/wp\/v2\/posts\/2452","targetHints":{"allow":["GET"]}}],"collection":[{"href":"https:\/\/vecinosdelinterior.com\/index.php\/wp-json\/wp\/v2\/posts"}],"about":[{"href":"https:\/\/vecinosdelinterior.com\/index.php\/wp-json\/wp\/v2\/types\/post"}],"author":[{"embeddable":true,"href":"https:\/\/vecinosdelinterior.com\/index.php\/wp-json\/wp\/v2\/users\/1"}],"replies":[{"embeddable":true,"href":"https:\/\/vecinosdelinterior.com\/index.php\/wp-json\/wp\/v2\/comments?post=2452"}],"version-history":[{"count":1,"href":"https:\/\/vecinosdelinterior.com\/index.php\/wp-json\/wp\/v2\/posts\/2452\/revisions"}],"predecessor-version":[{"id":2454,"href":"https:\/\/vecinosdelinterior.com\/index.php\/wp-json\/wp\/v2\/posts\/2452\/revisions\/2454"}],"wp:featuredmedia":[{"embeddable":true,"href":"https:\/\/vecinosdelinterior.com\/index.php\/wp-json\/wp\/v2\/media\/2453"}],"wp:attachment":[{"href":"https:\/\/vecinosdelinterior.com\/index.php\/wp-json\/wp\/v2\/media?parent=2452"}],"wp:term":[{"taxonomy":"category","embeddable":true,"href":"https:\/\/vecinosdelinterior.com\/index.php\/wp-json\/wp\/v2\/categories?post=2452"},{"taxonomy":"post_tag","embeddable":true,"href":"https:\/\/vecinosdelinterior.com\/index.php\/wp-json\/wp\/v2\/tags?post=2452"}],"curies":[{"name":"wp","href":"https:\/\/api.w.org\/{rel}","templated":true}]}}