{"id":246,"date":"2023-08-05T11:09:32","date_gmt":"2023-08-05T14:09:32","guid":{"rendered":"https:\/\/vecinosdelinterior.com\/?p=246"},"modified":"2023-08-05T11:09:32","modified_gmt":"2023-08-05T14:09:32","slug":"la-carolina-nuevo-portico-a-la-historia-homenaje-al-pueblo-minero","status":"publish","type":"post","link":"https:\/\/vecinosdelinterior.com\/index.php\/2023\/08\/05\/la-carolina-nuevo-portico-a-la-historia-homenaje-al-pueblo-minero\/","title":{"rendered":"La Carolina: Nuevo p\u00f3rtico a la historia, homenaje al pueblo minero"},"content":{"rendered":"\n<p>Es impactante y emociona a propios y extra\u00f1os. Una representaci\u00f3n magnifica de la idiosincrasia de un pueblo que naci\u00f3, creci\u00f3 y permaneci\u00f3 a partir de la explotaci\u00f3n minera. El nuevo p\u00f3rtico tiene una frase identificativa del lugar: \u201cUn Paseo en El Tiempo\u201d.<\/p>\n\n\n\n<figure class=\"wp-block-image size-large\"><img fetchpriority=\"high\" decoding=\"async\" width=\"1024\" height=\"682\" src=\"https:\/\/vecinosdelinterior.com\/wp-content\/uploads\/2023\/08\/PORTICO-LA-CAROLINA-20-1024x682.jpeg\" alt=\"\" class=\"wp-image-247\" srcset=\"https:\/\/vecinosdelinterior.com\/wp-content\/uploads\/2023\/08\/PORTICO-LA-CAROLINA-20-1024x682.jpeg 1024w, https:\/\/vecinosdelinterior.com\/wp-content\/uploads\/2023\/08\/PORTICO-LA-CAROLINA-20-300x200.jpeg 300w, https:\/\/vecinosdelinterior.com\/wp-content\/uploads\/2023\/08\/PORTICO-LA-CAROLINA-20-768x512.jpeg 768w, https:\/\/vecinosdelinterior.com\/wp-content\/uploads\/2023\/08\/PORTICO-LA-CAROLINA-20-1536x1023.jpeg 1536w, https:\/\/vecinosdelinterior.com\/wp-content\/uploads\/2023\/08\/PORTICO-LA-CAROLINA-20.jpeg 1600w\" sizes=\"(max-width: 1024px) 100vw, 1024px\" \/><\/figure>\n\n\n\n<p>Desde al martes, la localidad de La Carolina cuenta con un nuevo p\u00f3rtico de ingreso en el que da la bienvenida a quienes llegan. La silueta de los mineros extrayendo el oro, una labor que marc\u00f3 una \u00e9poca en la vida de una localidad que se desarrolla tur\u00edsticamente. El nuevo p\u00f3rtico y un homenaje al minero y al imponente Tomolasta, figuras y sentimientos fundidos en un mismo sentimiento de identidad.<\/p>\n\n\n\n<p>La escultura fue denominada por sus autores como \u201cLa fuerza de la b\u00fasqueda\u201d, es un homenaje al trabajador minero, al que pone el cuerpo, al que pone el lomo, por eso La idea quiere resaltar con rasgos muy fuertes los brazos, los gestos de los rostros, buscan representar eso, el esfuerzo para lograr el objetivo de obtener el mineral tan preciado.<\/p>\n\n\n\n<p>Durante a\u00f1os, estos mineros transitaron el camino empedrado que se pierde entre los cerros, el mismo por el que transitamos tras cruzar el p\u00f3rtico, como perdido en otro espacio de tiempo, rodeado de casas de piedra que conservan el estilo colonial y la nostalgia de haber sido cuna de los m\u00edticos buscadores de oro, fiebre que s\u00f3lo dej\u00f3 bocaminas, excavaciones y viejas historias de mineros.<\/p>\n\n\n\n<p>Convertido en uno de los principales destinos tur\u00edsticos de la Provincia, La Carolina \u2013 nominado para ser uno de los pueblos m\u00e1s lindos del mundo- atrae a grandes y chicos por sus opciones: expediciones al interior de las minas, visitas a la Iglesia de Piedra, cabalgatas, recorrida por la gruta con pinturas rupestres y la hist\u00f3rica Casa de Juan Cris\u00f3stomo Lafinur, actualmente Museo de la Poes\u00eda de la Provincia, y suma el p\u00f3rtico al que vecinos y turistas en pocos d\u00edas lo hicieron propio.<\/p>\n\n\n\n<figure class=\"wp-block-image size-full\"><img decoding=\"async\" width=\"813\" height=\"541\" src=\"https:\/\/vecinosdelinterior.com\/wp-content\/uploads\/2023\/08\/PORTICO-LA-CAROLINA-6-1.jpeg\" alt=\"\" class=\"wp-image-248\" srcset=\"https:\/\/vecinosdelinterior.com\/wp-content\/uploads\/2023\/08\/PORTICO-LA-CAROLINA-6-1.jpeg 813w, https:\/\/vecinosdelinterior.com\/wp-content\/uploads\/2023\/08\/PORTICO-LA-CAROLINA-6-1-300x200.jpeg 300w, https:\/\/vecinosdelinterior.com\/wp-content\/uploads\/2023\/08\/PORTICO-LA-CAROLINA-6-1-768x511.jpeg 768w\" sizes=\"(max-width: 813px) 100vw, 813px\" \/><\/figure>\n\n\n\n<p>Esta obra, la concret\u00f3 el Gobierno de San Luis a trav\u00e9s de la Secretar\u00eda de Turismo para lo que convoc\u00f3 a los escultores merlinos, Juli\u00e1n Picos y Ariel Zuccherich, representa a tres mineros picando una piedra con la forma del Tomolasta.<\/p>\n\n\n\n<p>El escultor Juli\u00e1n Picos dijo que all\u00e1 por noviembre, el secretario de turismo, Luis \u201cPiri\u201d Macagno, lo convoc\u00f3 a presentar un proyecto por una obra, representar un minero para un futuro nuevo p\u00f3rtico en la entrada de La Carolina. \u201cMe encant\u00f3 la idea y entonces fuimos a visitar el pueblo, a conocer. Todav\u00eda est\u00e1 el p\u00f3rtico viejo y nos fascin\u00f3 el lugar. Me impact\u00f3 la belleza tanto del pueblo, de su historia, como del cerro Tomolasta, y la vista maravillosa que hab\u00eda en la entrada. Me pareci\u00f3 una oportunidad excelente para ubicar una obra escult\u00f3rica. As\u00ed que para diciembre, un mes despu\u00e9s, presentamos el proyecto empezamos a trabajar en la obra concretamente\u201d.<\/p>\n\n\n\n<p>Picos, explic\u00f3 que ten\u00edan ciertas pautas para el dise\u00f1o, quer\u00edan que fuera un minero con un carrito y que tuviera un grado de s\u00edntesis, que fuera figurativo, pero no realista. Sostuvo que les interesaba que: \u201cSe entienda es un minero con un carrito en su tarea. Es as\u00ed, que buscando ideas sali\u00f3 la composici\u00f3n principal al ver el p\u00f3rtico y fue muy importante ir al mirador, sacarle fotos al cerro, entender que era un portal que uno atravesaba y que ten\u00eda que pasar por debajo. Entonces se nos ocurri\u00f3 generar una composici\u00f3n m\u00e1s piramidal, m\u00e1s triangular, que tuviera que ver con el p\u00f3rtico donde iba a estar apoyado y sobre todo que uno pasara por debajo de un conjunto, que no se sabe si es un minero en todas las acciones, una secuencia de un hombre con su soledad y el esfuerzo, que tambi\u00e9n representa al mismo tiempo la idea de un trabajo colectivo, que se hace entre muchos porque es un trabajo muy duro. Entonces, quer\u00edamos representar eso justamente, el esfuerzo\u201d.<\/p>\n\n\n\n<p>M\u00e1s adelante, Juli\u00e1n Picos indic\u00f3 que se opt\u00f3 finalmente por tres mineros dando la secuencia de la acci\u00f3n. \u201cEra importante que en esa s\u00edntesis no se vieran mu\u00f1ecos, sino que se entienda la acci\u00f3n y el esfuerzo. Por eso la importancia de los rasgos, la secuencia del pico arriba y el pico abajo pegando, que es como las dos puntas, como si fuera un \u2018stop motion\u2019, las dos puntas de la acci\u00f3n de trabajar con el pico y despu\u00e9s cargar el mineral para obtener el oro que se busca. El carro termin\u00f3 siendo una s\u00edntesis entre carro y tolva, que est\u00e1 cargado con el mineral en bruto y sale una suerte de pepita de oro desde abajo. Entonces se arma todo el ciclo desde la extracci\u00f3n en un mont\u00edculo de piedras, que en realidad est\u00e1 tomado de la foto del perfil del Cerro Tomolasta y los mellizos desde el mirador. O sea, uno pasa por ah\u00ed y despu\u00e9s el perfil de ese mont\u00edculo es el de la sierra que se ve en el mirador. Para tratar de hilar tambi\u00e9n todo, que alguien pase por ah\u00ed y pueda reconocer el cerro en la escultura\u201d.<\/p>\n\n\n\n<p>El escultor enfatiz\u00f3: \u201cLos hombres salen de la piedra, son parte del cerro, est\u00e1n tan adentro del cerro que son parte de \u00e9l, y de la sumatoria de los cuerpos, se forma una cavidad, que representa el t\u00fanel de las minas, que es lo que se ilumina de noche y termina siendo una imagen transformada de los mineros. Pasa a verse exclusivamente el hueco que representa ese t\u00fanel de la mina de oro\u201d.<\/p>\n\n\n\n<p>El trabajo es en chapa de hierro soldada, oxidada y protegida con laca poliuret\u00e1nica para su preservaci\u00f3n, para su durabilidad. Estructuralmente, es lo que se llama estructura de caj\u00f3n, que es cuando toda la chapa forma una estructura autoportante. \u201cSe tuvo que fraccionar en partes para poder ser transportada desde Merlo hasta la Carolina y ensamblada en el lugar, montada con gr\u00faas y con trabajo de altura. \u201cTodo sali\u00f3 muy bien, estaba bastante calculado todo, todas las variables, aunque siempre pueden surgir imprevistos. En este caso, fue muy fluido todo y el tiempo aproximado, se empez\u00f3 a trabajar concretamente el taller lentamente desde marzo, que se compraron materiales, se empez\u00f3 a pasar en escala el dibujo de las partes, a cortar, se cortaron las primeras piezas y se empez\u00f3 a ensamblar de a poco, porque el taller y el hacer dio el lenguaje que brinda la t\u00e9cnica constructiva, porque en la maqueta, por una cuesti\u00f3n de tama\u00f1o, es mucho m\u00e1s sint\u00e9tica que la realidad cuando la escultura tiene cuatro metros veinte de alto por ocho y medio de ancho\u201d, explic\u00f3.<\/p>\n\n\n\n<p>Adem\u00e1s, agreg\u00f3: \u201cLa realizaci\u00f3n en el taller va dando l\u00edneas de composici\u00f3n, va dando t\u00e9cnicas, va definiendo c\u00f3mo lograr que el rostro sea expresivo, pero al mismo tiempo sint\u00e9tico y una serie de cosas m\u00e1s, que despu\u00e9s son las que enriquecen la obra y le terminan dando el lenguaje propio, digamos, la expresi\u00f3n propia. As\u00ed que desde ese entonces, desde Semana Santa, se intensific\u00f3 much\u00edsimo el trabajo de taller hasta el martes que fue montada, se estuvo con los \u00faltimos detalles\u201d, indic\u00f3 Picos.<\/p>\n\n\n\n<p>El artista merlino enfatiz\u00f3: \u201cRecorrimos el pueblo que es una maravilla de belleza. Lo caminamos, lo respiramos, conversando, el punto donde est\u00e1 ubicada esta escultura es alucinante, es un sue\u00f1o, realmente nos llena de orgullo y es un honor para nosotros contribuir a lo que va a ser un hito, una referencia, un punto tur\u00edstico de atracci\u00f3n para el pueblo, para los habitantes, ya es de ellos la obra, ya no nos pertenece y es un honor hacer un aporte al patrimonio de la provincia, patrimonio cultural y art\u00edstico de San Luis.<\/p>\n\n\n\n<p>Finamente, Juli\u00e1n Picos mencion\u00f3 que hace 20 a\u00f1os que vino a vivir a Merlo. \u201cHice ra\u00edces como un muelle. Mis hijos nacieron ac\u00e1 y amo esta provincia que me brinda la posibilidad de expresarme con mi arte y de una manera tan importante como es esta. Soy un agradecido junto con Ariel, mi socio, y el equipo de trabajo, porque hay m\u00e1s personas que se involucran en esto. Realmente es un orgullo y un honor\u201d, finaliz\u00f3.<\/p>\n\n\n\n<p>Los detalles t\u00e9cnicos<\/p>\n\n\n\n<p>Se levantaron dos estructuras laterales al camino, revestidas en piedra de la zona, respetando las normativas establecidas por Vialidad Provincial. Las mismas cuentan con bases y columnas de hormig\u00f3n armado o met\u00e1licas, las cuales sostienen dos perfiles horizontales que hacen la forma de rieles, conectados con perfiles.<\/p>\n\n\n\n<p>El cartel se logr\u00f3 en chapa lisa y calando \u201cLa Carolina\u201d, con la tipograf\u00eda adjunta, a la que se le coloc\u00f3 un tratamiento de oxidaci\u00f3n y chapa ciega en la cara interna de cada lado, pintada color negro. Se realiz\u00f3 para ser le\u00eddo, tanto en el sentido de ingreso a la localidad, como de egreso de la misma.<\/p>\n","protected":false},"excerpt":{"rendered":"<p>Es impactante y emociona a propios y extra\u00f1os. Una representaci\u00f3n magnifica de la idiosincrasia de un pueblo que naci\u00f3, creci\u00f3 y permaneci\u00f3 a partir de la explotaci\u00f3n minera. El nuevo p\u00f3rtico tiene una frase identificativa del lugar: \u201cUn Paseo en El Tiempo\u201d. Desde al martes, la localidad de La Carolina cuenta con un nuevo p\u00f3rtico [&hellip;]<\/p>\n","protected":false},"author":1,"featured_media":247,"comment_status":"open","ping_status":"open","sticky":false,"template":"","format":"standard","meta":{"footnotes":""},"categories":[112,2],"tags":[113,114],"class_list":["post-246","post","type-post","status-publish","format-standard","has-post-thumbnail","hentry","category-la-carolina","category-pringles","tag-la-carolina","tag-pueblo-minero"],"_links":{"self":[{"href":"https:\/\/vecinosdelinterior.com\/index.php\/wp-json\/wp\/v2\/posts\/246","targetHints":{"allow":["GET"]}}],"collection":[{"href":"https:\/\/vecinosdelinterior.com\/index.php\/wp-json\/wp\/v2\/posts"}],"about":[{"href":"https:\/\/vecinosdelinterior.com\/index.php\/wp-json\/wp\/v2\/types\/post"}],"author":[{"embeddable":true,"href":"https:\/\/vecinosdelinterior.com\/index.php\/wp-json\/wp\/v2\/users\/1"}],"replies":[{"embeddable":true,"href":"https:\/\/vecinosdelinterior.com\/index.php\/wp-json\/wp\/v2\/comments?post=246"}],"version-history":[{"count":1,"href":"https:\/\/vecinosdelinterior.com\/index.php\/wp-json\/wp\/v2\/posts\/246\/revisions"}],"predecessor-version":[{"id":249,"href":"https:\/\/vecinosdelinterior.com\/index.php\/wp-json\/wp\/v2\/posts\/246\/revisions\/249"}],"wp:featuredmedia":[{"embeddable":true,"href":"https:\/\/vecinosdelinterior.com\/index.php\/wp-json\/wp\/v2\/media\/247"}],"wp:attachment":[{"href":"https:\/\/vecinosdelinterior.com\/index.php\/wp-json\/wp\/v2\/media?parent=246"}],"wp:term":[{"taxonomy":"category","embeddable":true,"href":"https:\/\/vecinosdelinterior.com\/index.php\/wp-json\/wp\/v2\/categories?post=246"},{"taxonomy":"post_tag","embeddable":true,"href":"https:\/\/vecinosdelinterior.com\/index.php\/wp-json\/wp\/v2\/tags?post=246"}],"curies":[{"name":"wp","href":"https:\/\/api.w.org\/{rel}","templated":true}]}}