{"id":2475,"date":"2024-09-27T19:05:25","date_gmt":"2024-09-27T22:05:25","guid":{"rendered":"https:\/\/vecinosdelinterior.com\/?p=2475"},"modified":"2024-09-27T19:11:03","modified_gmt":"2024-09-27T22:11:03","slug":"2475","status":"publish","type":"post","link":"https:\/\/vecinosdelinterior.com\/index.php\/2024\/09\/27\/2475\/","title":{"rendered":"Un proyecto para mejor asistencia de los afectados por los incendios en San Martin, no prosper\u00f3 por falta de apoyo de senadores oficialistas"},"content":{"rendered":"\n<p>Un proyecto para la asistencia de los vecinos y vecinas del Departamento San Mart\u00edn ante los graves incendios sucedidos all\u00ed, fue presentado por la senadora provincial del Bloque PJ Mariana Cruz. Se trata del proyecto de declaraci\u00f3n que insta al Ejecutivo provincial a declarar zona de desastre y de emergencia ambiental, econ\u00f3mica, social y productiva al Departamento San Mart\u00edn afectado por los recientes incendios forestales.<br>El mencionado proyecto fue presentado el martes 24 de setiembre, <strong>sin embargo, no cont\u00f3 con el apoyo necesario para que pase a tratarse al recinto ya que senadores del oficialismo no lo apoyaron.<\/strong><br>La situaci\u00f3n en el Departamento San Martin es cr\u00edtica a ra\u00edz de los incendios acontecidos en los \u00faltimos d\u00edas. \u201cSon m\u00e1s de 45 mil hect\u00e1reas quemadas, y cientos de familias perjudicadas directamente por este desastre. Todo quemado, animales, muertos, otros tantos lastimados y que necesitan tratamiento, cercos quemados y por ende los animales andan sueltos y es un peligro en las rutas. Es una situaci\u00f3n muy dif\u00edcil\u201d destac\u00f3 la legisladora ante este medio.<\/p>\n\n\n\n<figure class=\"wp-block-image size-large\"><img fetchpriority=\"high\" decoding=\"async\" width=\"1024\" height=\"681\" src=\"https:\/\/vecinosdelinterior.com\/wp-content\/uploads\/2024\/09\/WhatsApp-Image-2024-09-23-at-13.42.11-1-1024x681.jpeg\" alt=\"\" class=\"wp-image-2476\" srcset=\"https:\/\/vecinosdelinterior.com\/wp-content\/uploads\/2024\/09\/WhatsApp-Image-2024-09-23-at-13.42.11-1-1024x681.jpeg 1024w, https:\/\/vecinosdelinterior.com\/wp-content\/uploads\/2024\/09\/WhatsApp-Image-2024-09-23-at-13.42.11-1-300x200.jpeg 300w, https:\/\/vecinosdelinterior.com\/wp-content\/uploads\/2024\/09\/WhatsApp-Image-2024-09-23-at-13.42.11-1-768x511.jpeg 768w, https:\/\/vecinosdelinterior.com\/wp-content\/uploads\/2024\/09\/WhatsApp-Image-2024-09-23-at-13.42.11-1-1536x1021.jpeg 1536w, https:\/\/vecinosdelinterior.com\/wp-content\/uploads\/2024\/09\/WhatsApp-Image-2024-09-23-at-13.42.11-1-750x499.jpeg 750w, https:\/\/vecinosdelinterior.com\/wp-content\/uploads\/2024\/09\/WhatsApp-Image-2024-09-23-at-13.42.11-1-1140x758.jpeg 1140w, https:\/\/vecinosdelinterior.com\/wp-content\/uploads\/2024\/09\/WhatsApp-Image-2024-09-23-at-13.42.11-1.jpeg 1600w\" sizes=\"(max-width: 1024px) 100vw, 1024px\" \/><\/figure>\n\n\n\n<p><br>Adem\u00e1s Cruz advirti\u00f3 que, si bien hay una cierta asistencia del Gobierno provincial con algunas cuestiones, por ejemplo, con agua, mercader\u00eda, pasto para los animales, pero esto se ve enormemente politizado ya que lo est\u00e1n haciendo de una manera totalmente discrecional.<strong> \u201cA algunos si y a otros no \u00bfPorqu\u00e9? \u201c se pregunta la senadora Cruz.<\/strong><\/p>\n\n\n\n<figure class=\"wp-block-gallery has-nested-images columns-default is-cropped wp-block-gallery-1 is-layout-flex wp-block-gallery-is-layout-flex\">\n<figure class=\"wp-block-image size-full\"><img decoding=\"async\" width=\"750\" height=\"420\" data-id=\"2478\" src=\"https:\/\/vecinosdelinterior.com\/wp-content\/uploads\/2024\/09\/WhatsApp-Image-2024-09-24-at-11.04.58-750x420-1.jpeg\" alt=\"\" class=\"wp-image-2478\" srcset=\"https:\/\/vecinosdelinterior.com\/wp-content\/uploads\/2024\/09\/WhatsApp-Image-2024-09-24-at-11.04.58-750x420-1.jpeg 750w, https:\/\/vecinosdelinterior.com\/wp-content\/uploads\/2024\/09\/WhatsApp-Image-2024-09-24-at-11.04.58-750x420-1-300x168.jpeg 300w\" sizes=\"(max-width: 750px) 100vw, 750px\" \/><\/figure>\n\n\n\n<figure class=\"wp-block-image size-large\"><img decoding=\"async\" width=\"785\" height=\"560\" data-id=\"2477\" src=\"https:\/\/vecinosdelinterior.com\/wp-content\/uploads\/2024\/09\/MARIANA-CRUZ.jpg\" alt=\"\" class=\"wp-image-2477\" srcset=\"https:\/\/vecinosdelinterior.com\/wp-content\/uploads\/2024\/09\/MARIANA-CRUZ.jpg 785w, https:\/\/vecinosdelinterior.com\/wp-content\/uploads\/2024\/09\/MARIANA-CRUZ-300x214.jpg 300w, https:\/\/vecinosdelinterior.com\/wp-content\/uploads\/2024\/09\/MARIANA-CRUZ-768x548.jpg 768w, https:\/\/vecinosdelinterior.com\/wp-content\/uploads\/2024\/09\/MARIANA-CRUZ-120x86.jpg 120w, https:\/\/vecinosdelinterior.com\/wp-content\/uploads\/2024\/09\/MARIANA-CRUZ-350x250.jpg 350w, https:\/\/vecinosdelinterior.com\/wp-content\/uploads\/2024\/09\/MARIANA-CRUZ-750x535.jpg 750w\" sizes=\"(max-width: 785px) 100vw, 785px\" \/><\/figure>\n<\/figure>\n\n\n\n<p><br>\u201cNo ha habido contacto con los intendentes de las localidades quienes son los que m\u00e1s inmersos est\u00e1n en la situaci\u00f3n que afecta a sus vecinos y vecinas. Quien mejor que ellos saben de la situaci\u00f3n, de qu\u00e9 familia est\u00e1 m\u00e1s carenciada o necesita ayuda\u201d recalc\u00f3 Cruz. <strong>\u201cEn cambio, los referentes del oficialismo actual o punteros pol\u00edticos del Departamento San Martin, si repartieron a quienes ellos quisieron la mercader\u00eda o ayuda, pero los camiones para muchos pasaron de largo\u201d <\/strong>agreg\u00f3.<br>Adem\u00e1s, la senadora advirti\u00f3 a las autoridades provinciales <strong>\u201cdejen de hacer pol\u00edtica, menos con estas cuestiones donde todos necesitan. Est\u00e1n haciendo pol\u00edtica con algo grave\u201d<\/strong><br>A continuaci\u00f3n, el proyecto de Declaraci\u00f3n que no pudo tratarse en el recinto al no contar con el apoyo de los senadores del oficialismo.<\/p>\n\n\n\n<figure class=\"wp-block-gallery has-nested-images columns-default is-cropped wp-block-gallery-2 is-layout-flex wp-block-gallery-is-layout-flex\">\n<figure class=\"wp-block-image size-large\"><img loading=\"lazy\" decoding=\"async\" width=\"725\" height=\"1024\" data-id=\"2479\" src=\"https:\/\/vecinosdelinterior.com\/wp-content\/uploads\/2024\/09\/Proyecto-de-declaracion.-FUEGO1_page-0001-725x1024.jpg\" alt=\"\" class=\"wp-image-2479\" srcset=\"https:\/\/vecinosdelinterior.com\/wp-content\/uploads\/2024\/09\/Proyecto-de-declaracion.-FUEGO1_page-0001-725x1024.jpg 725w, https:\/\/vecinosdelinterior.com\/wp-content\/uploads\/2024\/09\/Proyecto-de-declaracion.-FUEGO1_page-0001-212x300.jpg 212w, https:\/\/vecinosdelinterior.com\/wp-content\/uploads\/2024\/09\/Proyecto-de-declaracion.-FUEGO1_page-0001-768x1085.jpg 768w, https:\/\/vecinosdelinterior.com\/wp-content\/uploads\/2024\/09\/Proyecto-de-declaracion.-FUEGO1_page-0001-1087x1536.jpg 1087w, https:\/\/vecinosdelinterior.com\/wp-content\/uploads\/2024\/09\/Proyecto-de-declaracion.-FUEGO1_page-0001-750x1060.jpg 750w, https:\/\/vecinosdelinterior.com\/wp-content\/uploads\/2024\/09\/Proyecto-de-declaracion.-FUEGO1_page-0001-1140x1611.jpg 1140w, https:\/\/vecinosdelinterior.com\/wp-content\/uploads\/2024\/09\/Proyecto-de-declaracion.-FUEGO1_page-0001.jpg 1241w\" sizes=\"(max-width: 725px) 100vw, 725px\" \/><\/figure>\n<\/figure>\n\n\n\n<figure class=\"wp-block-image size-large is-resized\"><img loading=\"lazy\" decoding=\"async\" src=\"https:\/\/vecinosdelinterior.com\/wp-content\/uploads\/2024\/09\/Proyecto-de-declaracion.-FUEGO1_page-0002-725x1024.jpg\" alt=\"\" class=\"wp-image-2481\" width=\"977\" height=\"1380\" srcset=\"https:\/\/vecinosdelinterior.com\/wp-content\/uploads\/2024\/09\/Proyecto-de-declaracion.-FUEGO1_page-0002-725x1024.jpg 725w, https:\/\/vecinosdelinterior.com\/wp-content\/uploads\/2024\/09\/Proyecto-de-declaracion.-FUEGO1_page-0002-212x300.jpg 212w, https:\/\/vecinosdelinterior.com\/wp-content\/uploads\/2024\/09\/Proyecto-de-declaracion.-FUEGO1_page-0002-768x1085.jpg 768w, https:\/\/vecinosdelinterior.com\/wp-content\/uploads\/2024\/09\/Proyecto-de-declaracion.-FUEGO1_page-0002-1087x1536.jpg 1087w, https:\/\/vecinosdelinterior.com\/wp-content\/uploads\/2024\/09\/Proyecto-de-declaracion.-FUEGO1_page-0002-750x1060.jpg 750w, https:\/\/vecinosdelinterior.com\/wp-content\/uploads\/2024\/09\/Proyecto-de-declaracion.-FUEGO1_page-0002-1140x1611.jpg 1140w, https:\/\/vecinosdelinterior.com\/wp-content\/uploads\/2024\/09\/Proyecto-de-declaracion.-FUEGO1_page-0002.jpg 1241w\" sizes=\"(max-width: 977px) 100vw, 977px\" \/><\/figure>\n\n\n\n<figure class=\"wp-block-image size-large is-resized\"><img loading=\"lazy\" decoding=\"async\" src=\"https:\/\/vecinosdelinterior.com\/wp-content\/uploads\/2024\/09\/Proyecto-de-declaracion.-FUEGO1_page-0003-725x1024.jpg\" alt=\"\" class=\"wp-image-2480\" width=\"990\" height=\"1398\" srcset=\"https:\/\/vecinosdelinterior.com\/wp-content\/uploads\/2024\/09\/Proyecto-de-declaracion.-FUEGO1_page-0003-725x1024.jpg 725w, https:\/\/vecinosdelinterior.com\/wp-content\/uploads\/2024\/09\/Proyecto-de-declaracion.-FUEGO1_page-0003-212x300.jpg 212w, https:\/\/vecinosdelinterior.com\/wp-content\/uploads\/2024\/09\/Proyecto-de-declaracion.-FUEGO1_page-0003-768x1085.jpg 768w, https:\/\/vecinosdelinterior.com\/wp-content\/uploads\/2024\/09\/Proyecto-de-declaracion.-FUEGO1_page-0003-1087x1536.jpg 1087w, https:\/\/vecinosdelinterior.com\/wp-content\/uploads\/2024\/09\/Proyecto-de-declaracion.-FUEGO1_page-0003-750x1060.jpg 750w, https:\/\/vecinosdelinterior.com\/wp-content\/uploads\/2024\/09\/Proyecto-de-declaracion.-FUEGO1_page-0003-1140x1611.jpg 1140w, https:\/\/vecinosdelinterior.com\/wp-content\/uploads\/2024\/09\/Proyecto-de-declaracion.-FUEGO1_page-0003.jpg 1241w\" sizes=\"(max-width: 990px) 100vw, 990px\" \/><\/figure>\n","protected":false},"excerpt":{"rendered":"<p>Un proyecto para la asistencia de los vecinos y vecinas del Departamento San Mart\u00edn ante los graves incendios sucedidos all\u00ed, fue presentado por la senadora provincial del Bloque PJ Mariana Cruz. Se trata del proyecto de declaraci\u00f3n que insta al Ejecutivo provincial a declarar zona de desastre y de emergencia ambiental, econ\u00f3mica, social y productiva [&hellip;]<\/p>\n","protected":false},"author":1,"featured_media":2476,"comment_status":"open","ping_status":"open","sticky":false,"template":"","format":"standard","meta":{"footnotes":""},"categories":[68,185,67],"tags":[],"class_list":["post-2475","post","type-post","status-publish","format-standard","has-post-thumbnail","hentry","category-las-aguadas","category-las-chacras","category-san-martin"],"_links":{"self":[{"href":"https:\/\/vecinosdelinterior.com\/index.php\/wp-json\/wp\/v2\/posts\/2475","targetHints":{"allow":["GET"]}}],"collection":[{"href":"https:\/\/vecinosdelinterior.com\/index.php\/wp-json\/wp\/v2\/posts"}],"about":[{"href":"https:\/\/vecinosdelinterior.com\/index.php\/wp-json\/wp\/v2\/types\/post"}],"author":[{"embeddable":true,"href":"https:\/\/vecinosdelinterior.com\/index.php\/wp-json\/wp\/v2\/users\/1"}],"replies":[{"embeddable":true,"href":"https:\/\/vecinosdelinterior.com\/index.php\/wp-json\/wp\/v2\/comments?post=2475"}],"version-history":[{"count":5,"href":"https:\/\/vecinosdelinterior.com\/index.php\/wp-json\/wp\/v2\/posts\/2475\/revisions"}],"predecessor-version":[{"id":2489,"href":"https:\/\/vecinosdelinterior.com\/index.php\/wp-json\/wp\/v2\/posts\/2475\/revisions\/2489"}],"wp:featuredmedia":[{"embeddable":true,"href":"https:\/\/vecinosdelinterior.com\/index.php\/wp-json\/wp\/v2\/media\/2476"}],"wp:attachment":[{"href":"https:\/\/vecinosdelinterior.com\/index.php\/wp-json\/wp\/v2\/media?parent=2475"}],"wp:term":[{"taxonomy":"category","embeddable":true,"href":"https:\/\/vecinosdelinterior.com\/index.php\/wp-json\/wp\/v2\/categories?post=2475"},{"taxonomy":"post_tag","embeddable":true,"href":"https:\/\/vecinosdelinterior.com\/index.php\/wp-json\/wp\/v2\/tags?post=2475"}],"curies":[{"name":"wp","href":"https:\/\/api.w.org\/{rel}","templated":true}]}}