{"id":2490,"date":"2024-09-29T14:31:52","date_gmt":"2024-09-29T17:31:52","guid":{"rendered":"https:\/\/vecinosdelinterior.com\/?p=2490"},"modified":"2024-09-29T14:31:52","modified_gmt":"2024-09-29T17:31:52","slug":"paraje-balcarce-dictan-prision-preventiva-a-acusado-de-generar-incendios-forestales","status":"publish","type":"post","link":"https:\/\/vecinosdelinterior.com\/index.php\/2024\/09\/29\/paraje-balcarce-dictan-prision-preventiva-a-acusado-de-generar-incendios-forestales\/","title":{"rendered":"Paraje Balcarce: dictan prisi\u00f3n preventiva a acusado de generar incendios forestales"},"content":{"rendered":"\n<p>El Poder Judicial inform\u00f3 que un hombre de 33 a\u00f1os oriundo de R\u00edo Cuarto fue enviado al Servicio Penitenciario Provincial bajo prisi\u00f3n preventiva por noventa d\u00edas luego de que la fiscal\u00eda lo acusara como el responsable de comenzar dos incendios en el paraje Balcarce, que pertenece a la jurisdicci\u00f3n de Cortaderas. Se lo acusa de los delitos de \u201cincendio doloso\u201d y \u201cestrago\u201d.<\/p>\n\n\n\n<figure class=\"wp-block-image size-large\"><img fetchpriority=\"high\" decoding=\"async\" width=\"1024\" height=\"576\" src=\"https:\/\/vecinosdelinterior.com\/wp-content\/uploads\/2024\/09\/461656337_393118660505493_3090792252179473185_n-1024x576.jpg\" alt=\"\" class=\"wp-image-2491\" srcset=\"https:\/\/vecinosdelinterior.com\/wp-content\/uploads\/2024\/09\/461656337_393118660505493_3090792252179473185_n-1024x576.jpg 1024w, https:\/\/vecinosdelinterior.com\/wp-content\/uploads\/2024\/09\/461656337_393118660505493_3090792252179473185_n-300x169.jpg 300w, https:\/\/vecinosdelinterior.com\/wp-content\/uploads\/2024\/09\/461656337_393118660505493_3090792252179473185_n-768x432.jpg 768w, https:\/\/vecinosdelinterior.com\/wp-content\/uploads\/2024\/09\/461656337_393118660505493_3090792252179473185_n-750x422.jpg 750w, https:\/\/vecinosdelinterior.com\/wp-content\/uploads\/2024\/09\/461656337_393118660505493_3090792252179473185_n-1140x641.jpg 1140w, https:\/\/vecinosdelinterior.com\/wp-content\/uploads\/2024\/09\/461656337_393118660505493_3090792252179473185_n.jpg 1280w\" sizes=\"(max-width: 1024px) 100vw, 1024px\" \/><\/figure>\n\n\n\n<p><br>Seg\u00fan la acusaci\u00f3n, el hombre realiz\u00f3 quemas forestales entre el 3 y 18 de septiembre. Una de ellas desat\u00f3 un incendio de grandes proporciones que debi\u00f3 ser combatido durante todo un d\u00eda, y que arras\u00f3 con el bosque nativo, perjudic\u00f3 gravemente a la fauna local, y afect\u00f3 viviendas.<br>La medida fue ordenada este viernes durante la audiencia de formulaci\u00f3n de cargos. Indicaron que la prisi\u00f3n preventiva, otorgada por el juez de Garant\u00eda Jorge Pinto, se establece \u201ccon el objetivo de reunir m\u00e1s pruebas, formalizar la acusaci\u00f3n y solicitar la elevaci\u00f3n de la causa a juicio\u201d.<br>Aseguraron que el hombre de 33 a\u00f1os \u201cno cuenta con arraigo en la zona\u201d.<\/p>\n","protected":false},"excerpt":{"rendered":"<p>El Poder Judicial inform\u00f3 que un hombre de 33 a\u00f1os oriundo de R\u00edo Cuarto fue enviado al Servicio Penitenciario Provincial bajo prisi\u00f3n preventiva por noventa d\u00edas luego de que la fiscal\u00eda lo acusara como el responsable de comenzar dos incendios en el paraje Balcarce, que pertenece a la jurisdicci\u00f3n de Cortaderas. Se lo acusa de [&hellip;]<\/p>\n","protected":false},"author":1,"featured_media":2491,"comment_status":"open","ping_status":"open","sticky":false,"template":"","format":"standard","meta":{"footnotes":""},"categories":[67],"tags":[368,176],"class_list":["post-2490","post","type-post","status-publish","format-standard","has-post-thumbnail","hentry","category-san-martin","tag-incendios","tag-medioambiente"],"_links":{"self":[{"href":"https:\/\/vecinosdelinterior.com\/index.php\/wp-json\/wp\/v2\/posts\/2490","targetHints":{"allow":["GET"]}}],"collection":[{"href":"https:\/\/vecinosdelinterior.com\/index.php\/wp-json\/wp\/v2\/posts"}],"about":[{"href":"https:\/\/vecinosdelinterior.com\/index.php\/wp-json\/wp\/v2\/types\/post"}],"author":[{"embeddable":true,"href":"https:\/\/vecinosdelinterior.com\/index.php\/wp-json\/wp\/v2\/users\/1"}],"replies":[{"embeddable":true,"href":"https:\/\/vecinosdelinterior.com\/index.php\/wp-json\/wp\/v2\/comments?post=2490"}],"version-history":[{"count":1,"href":"https:\/\/vecinosdelinterior.com\/index.php\/wp-json\/wp\/v2\/posts\/2490\/revisions"}],"predecessor-version":[{"id":2492,"href":"https:\/\/vecinosdelinterior.com\/index.php\/wp-json\/wp\/v2\/posts\/2490\/revisions\/2492"}],"wp:featuredmedia":[{"embeddable":true,"href":"https:\/\/vecinosdelinterior.com\/index.php\/wp-json\/wp\/v2\/media\/2491"}],"wp:attachment":[{"href":"https:\/\/vecinosdelinterior.com\/index.php\/wp-json\/wp\/v2\/media?parent=2490"}],"wp:term":[{"taxonomy":"category","embeddable":true,"href":"https:\/\/vecinosdelinterior.com\/index.php\/wp-json\/wp\/v2\/categories?post=2490"},{"taxonomy":"post_tag","embeddable":true,"href":"https:\/\/vecinosdelinterior.com\/index.php\/wp-json\/wp\/v2\/tags?post=2490"}],"curies":[{"name":"wp","href":"https:\/\/api.w.org\/{rel}","templated":true}]}}