{"id":250,"date":"2023-08-06T12:28:43","date_gmt":"2023-08-06T15:28:43","guid":{"rendered":"https:\/\/vecinosdelinterior.com\/?p=250"},"modified":"2023-08-06T12:28:44","modified_gmt":"2023-08-06T15:28:44","slug":"santa-rosa-del-conlara-imputaron-a-un-hombre-que-abuso-de-una-menor","status":"publish","type":"post","link":"https:\/\/vecinosdelinterior.com\/index.php\/2023\/08\/06\/santa-rosa-del-conlara-imputaron-a-un-hombre-que-abuso-de-una-menor\/","title":{"rendered":"Santa Rosa del Conlara: imputaron a un hombre que abus\u00f3 de una menor"},"content":{"rendered":"\n<p><br>El Juzgado de Garant\u00eda N\u00b0 2 formul\u00f3 cargos contra un hombre de 75 a\u00f1os por el delito de \u201cabuso sexual simple\u201d en perjuicio de una adolescente de 13 a\u00f1os.<\/p>\n\n\n\n<p>Los ultrajes ocurrieron en marzo de este a\u00f1o en casa del imputado ubicada en la localidad de Santa Rosa del Conlara, la menor era vecina del hombre.<\/p>\n\n\n\n<p>En la audiencia celebrada el pasado jueves, los representantes del Ministerio Publico Fiscal solicitaron como medida de coerci\u00f3n la firma del libro de imputados del 1 al 10 de cada mes.<\/p>\n\n\n\n<p>Tambi\u00e9n pidieron una restricci\u00f3n de acercamiento de 200 metros en contra del hombre y a favor de la menor y su madre, con el fin de proteger a ambas mujeres.<\/p>\n\n\n\n<p>La medida fue ordenada por el t\u00e9rmino de 60 d\u00edas, en consonancia con el plazo estipulado para el desarrollo de la investigaci\u00f3n preparatoria, donde la fiscal\u00eda deber\u00e1 recabar los elementos de convicci\u00f3n restantes para proceder (o no) a la acusaci\u00f3n.<\/p>\n","protected":false},"excerpt":{"rendered":"<p>El Juzgado de Garant\u00eda N\u00b0 2 formul\u00f3 cargos contra un hombre de 75 a\u00f1os por el delito de \u201cabuso sexual simple\u201d en perjuicio de una adolescente de 13 a\u00f1os. Los ultrajes ocurrieron en marzo de este a\u00f1o en casa del imputado ubicada en la localidad de Santa Rosa del Conlara, la menor era vecina del [&hellip;]<\/p>\n","protected":false},"author":1,"featured_media":251,"comment_status":"open","ping_status":"open","sticky":false,"template":"","format":"standard","meta":{"footnotes":""},"categories":[23,45],"tags":[115,103,48],"class_list":["post-250","post","type-post","status-publish","format-standard","has-post-thumbnail","hentry","category-junin","category-santa-rosa-del-conlara","tag-abuso","tag-junin","tag-santa-rosa-del-conlara"],"_links":{"self":[{"href":"https:\/\/vecinosdelinterior.com\/index.php\/wp-json\/wp\/v2\/posts\/250","targetHints":{"allow":["GET"]}}],"collection":[{"href":"https:\/\/vecinosdelinterior.com\/index.php\/wp-json\/wp\/v2\/posts"}],"about":[{"href":"https:\/\/vecinosdelinterior.com\/index.php\/wp-json\/wp\/v2\/types\/post"}],"author":[{"embeddable":true,"href":"https:\/\/vecinosdelinterior.com\/index.php\/wp-json\/wp\/v2\/users\/1"}],"replies":[{"embeddable":true,"href":"https:\/\/vecinosdelinterior.com\/index.php\/wp-json\/wp\/v2\/comments?post=250"}],"version-history":[{"count":1,"href":"https:\/\/vecinosdelinterior.com\/index.php\/wp-json\/wp\/v2\/posts\/250\/revisions"}],"predecessor-version":[{"id":252,"href":"https:\/\/vecinosdelinterior.com\/index.php\/wp-json\/wp\/v2\/posts\/250\/revisions\/252"}],"wp:featuredmedia":[{"embeddable":true,"href":"https:\/\/vecinosdelinterior.com\/index.php\/wp-json\/wp\/v2\/media\/251"}],"wp:attachment":[{"href":"https:\/\/vecinosdelinterior.com\/index.php\/wp-json\/wp\/v2\/media?parent=250"}],"wp:term":[{"taxonomy":"category","embeddable":true,"href":"https:\/\/vecinosdelinterior.com\/index.php\/wp-json\/wp\/v2\/categories?post=250"},{"taxonomy":"post_tag","embeddable":true,"href":"https:\/\/vecinosdelinterior.com\/index.php\/wp-json\/wp\/v2\/tags?post=250"}],"curies":[{"name":"wp","href":"https:\/\/api.w.org\/{rel}","templated":true}]}}