{"id":2507,"date":"2024-10-03T16:08:00","date_gmt":"2024-10-03T19:08:00","guid":{"rendered":"https:\/\/vecinosdelinterior.com\/?p=2507"},"modified":"2024-10-03T16:08:30","modified_gmt":"2024-10-03T19:08:30","slug":"carpinteria-se-prepara-para-la-fiesta-de-la-carreta-y-los-101-chivos","status":"publish","type":"post","link":"https:\/\/vecinosdelinterior.com\/index.php\/2024\/10\/03\/carpinteria-se-prepara-para-la-fiesta-de-la-carreta-y-los-101-chivos\/","title":{"rendered":"Carpinter\u00eda se prepara para la Fiesta de la Carreta y los 101 chivos"},"content":{"rendered":"\n<p><\/p>\n\n\n\n<p>Ser\u00e1 el pr\u00f3ximo s\u00e1bado 12 de octubre (por modificaci\u00f3n del feriado nacional).<br>Con la actuaci\u00f3n especial de LOS FRONTERIZOS, artistas locales, patio de danzas folkl\u00f3ricas y con un gran cierre bailable<\/p>\n\n\n\n<p>Anticipadas: $15.000<br>(Precio por porci\u00f3n de chivo con ensalada, cubiertos, derecho de silla y espect\u00e1culo todo el d\u00eda)<\/p>\n\n\n\n<p>Venta: de lunes a viernes de 8 a 13:30 hs. Por Whatsapp al 2664616095 o en la Municipalidad de Carpinteria.<\/p>\n\n\n\n<figure class=\"wp-block-image size-full\"><img fetchpriority=\"high\" decoding=\"async\" width=\"768\" height=\"960\" src=\"https:\/\/vecinosdelinterior.com\/wp-content\/uploads\/2024\/10\/460541474_912698167561123_541623682666810455_n.jpg\" alt=\"\" class=\"wp-image-2508\" srcset=\"https:\/\/vecinosdelinterior.com\/wp-content\/uploads\/2024\/10\/460541474_912698167561123_541623682666810455_n.jpg 768w, https:\/\/vecinosdelinterior.com\/wp-content\/uploads\/2024\/10\/460541474_912698167561123_541623682666810455_n-240x300.jpg 240w, https:\/\/vecinosdelinterior.com\/wp-content\/uploads\/2024\/10\/460541474_912698167561123_541623682666810455_n-750x938.jpg 750w\" sizes=\"(max-width: 768px) 100vw, 768px\" \/><\/figure>\n\n\n\n<p><\/p>\n","protected":false},"excerpt":{"rendered":"<p>Ser\u00e1 el pr\u00f3ximo s\u00e1bado 12 de octubre (por modificaci\u00f3n del feriado nacional).Con la actuaci\u00f3n especial de LOS FRONTERIZOS, artistas locales, patio de danzas folkl\u00f3ricas y con un gran cierre bailable Anticipadas: $15.000(Precio por porci\u00f3n de chivo con ensalada, cubiertos, derecho de silla y espect\u00e1culo todo el d\u00eda) Venta: de lunes a viernes de 8 a [&hellip;]<\/p>\n","protected":false},"author":1,"featured_media":2508,"comment_status":"open","ping_status":"open","sticky":false,"template":"","format":"standard","meta":{"footnotes":""},"categories":[75,23],"tags":[435,175],"class_list":["post-2507","post","type-post","status-publish","format-standard","has-post-thumbnail","hentry","category-carpinteria","category-junin","tag-fiesta-de-la-carreta-y-los-101-chivos","tag-turismo"],"_links":{"self":[{"href":"https:\/\/vecinosdelinterior.com\/index.php\/wp-json\/wp\/v2\/posts\/2507","targetHints":{"allow":["GET"]}}],"collection":[{"href":"https:\/\/vecinosdelinterior.com\/index.php\/wp-json\/wp\/v2\/posts"}],"about":[{"href":"https:\/\/vecinosdelinterior.com\/index.php\/wp-json\/wp\/v2\/types\/post"}],"author":[{"embeddable":true,"href":"https:\/\/vecinosdelinterior.com\/index.php\/wp-json\/wp\/v2\/users\/1"}],"replies":[{"embeddable":true,"href":"https:\/\/vecinosdelinterior.com\/index.php\/wp-json\/wp\/v2\/comments?post=2507"}],"version-history":[{"count":1,"href":"https:\/\/vecinosdelinterior.com\/index.php\/wp-json\/wp\/v2\/posts\/2507\/revisions"}],"predecessor-version":[{"id":2509,"href":"https:\/\/vecinosdelinterior.com\/index.php\/wp-json\/wp\/v2\/posts\/2507\/revisions\/2509"}],"wp:featuredmedia":[{"embeddable":true,"href":"https:\/\/vecinosdelinterior.com\/index.php\/wp-json\/wp\/v2\/media\/2508"}],"wp:attachment":[{"href":"https:\/\/vecinosdelinterior.com\/index.php\/wp-json\/wp\/v2\/media?parent=2507"}],"wp:term":[{"taxonomy":"category","embeddable":true,"href":"https:\/\/vecinosdelinterior.com\/index.php\/wp-json\/wp\/v2\/categories?post=2507"},{"taxonomy":"post_tag","embeddable":true,"href":"https:\/\/vecinosdelinterior.com\/index.php\/wp-json\/wp\/v2\/tags?post=2507"}],"curies":[{"name":"wp","href":"https:\/\/api.w.org\/{rel}","templated":true}]}}