{"id":2563,"date":"2024-10-07T11:09:00","date_gmt":"2024-10-07T14:09:00","guid":{"rendered":"https:\/\/vecinosdelinterior.com\/?p=2563"},"modified":"2024-10-07T14:11:11","modified_gmt":"2024-10-07T17:11:11","slug":"san-francisco-descacharrado-en-prevencion-del-dengue","status":"publish","type":"post","link":"https:\/\/vecinosdelinterior.com\/index.php\/2024\/10\/07\/san-francisco-descacharrado-en-prevencion-del-dengue\/","title":{"rendered":"SAN FRANCISCO: Descacharrado en prevenci\u00f3n del dengue."},"content":{"rendered":"\n<p>Ma\u00f1ana, la Municipalidad de San Francisco del Monte de Oro llevar\u00e1 a cabo una nueva jornada de Descacharrado en prevenci\u00f3n del dengue.<\/p>\n\n\n\n<p>\ud83d\udd50 Horario: de 9:00 a 15:00 hs<br>\ud83d\udccd Zonas: Banda Norte, Banda Sur y zonas de influencia.<br>Estaremos recorriendo puerta a puerta, visitando comercios, talleres mec\u00e1nicos, gomer\u00edas y vecinos en general. Es fundamental que colaboremos sacando todos los cacharros y art\u00edculos en desuso para descartar.<\/p>\n\n\n\n<figure class=\"wp-block-image size-large is-resized\"><img fetchpriority=\"high\" decoding=\"async\" src=\"https:\/\/vecinosdelinterior.com\/wp-content\/uploads\/2024\/10\/462130562_17881689675114861_5167540325316809448_n-1024x1024.jpg\" alt=\"\" class=\"wp-image-2564\" width=\"695\" height=\"695\" srcset=\"https:\/\/vecinosdelinterior.com\/wp-content\/uploads\/2024\/10\/462130562_17881689675114861_5167540325316809448_n-1024x1024.jpg 1024w, https:\/\/vecinosdelinterior.com\/wp-content\/uploads\/2024\/10\/462130562_17881689675114861_5167540325316809448_n-300x300.jpg 300w, https:\/\/vecinosdelinterior.com\/wp-content\/uploads\/2024\/10\/462130562_17881689675114861_5167540325316809448_n-150x150.jpg 150w, https:\/\/vecinosdelinterior.com\/wp-content\/uploads\/2024\/10\/462130562_17881689675114861_5167540325316809448_n-768x768.jpg 768w, https:\/\/vecinosdelinterior.com\/wp-content\/uploads\/2024\/10\/462130562_17881689675114861_5167540325316809448_n-75x75.jpg 75w, https:\/\/vecinosdelinterior.com\/wp-content\/uploads\/2024\/10\/462130562_17881689675114861_5167540325316809448_n-750x750.jpg 750w, https:\/\/vecinosdelinterior.com\/wp-content\/uploads\/2024\/10\/462130562_17881689675114861_5167540325316809448_n.jpg 1080w\" sizes=\"(max-width: 695px) 100vw, 695px\" \/><\/figure>\n","protected":false},"excerpt":{"rendered":"<p>Ma\u00f1ana, la Municipalidad de San Francisco del Monte de Oro llevar\u00e1 a cabo una nueva jornada de Descacharrado en prevenci\u00f3n del dengue. \ud83d\udd50 Horario: de 9:00 a 15:00 hs\ud83d\udccd Zonas: Banda Norte, Banda Sur y zonas de influencia.Estaremos recorriendo puerta a puerta, visitando comercios, talleres mec\u00e1nicos, gomer\u00edas y vecinos en general. Es fundamental que colaboremos [&hellip;]<\/p>\n","protected":false},"author":1,"featured_media":2564,"comment_status":"open","ping_status":"open","sticky":false,"template":"","format":"standard","meta":{"footnotes":""},"categories":[8,9],"tags":[373,436],"class_list":["post-2563","post","type-post","status-publish","format-standard","has-post-thumbnail","hentry","category-ayacucho","category-san-francisco","tag-dengue","tag-descacharrado"],"_links":{"self":[{"href":"https:\/\/vecinosdelinterior.com\/index.php\/wp-json\/wp\/v2\/posts\/2563","targetHints":{"allow":["GET"]}}],"collection":[{"href":"https:\/\/vecinosdelinterior.com\/index.php\/wp-json\/wp\/v2\/posts"}],"about":[{"href":"https:\/\/vecinosdelinterior.com\/index.php\/wp-json\/wp\/v2\/types\/post"}],"author":[{"embeddable":true,"href":"https:\/\/vecinosdelinterior.com\/index.php\/wp-json\/wp\/v2\/users\/1"}],"replies":[{"embeddable":true,"href":"https:\/\/vecinosdelinterior.com\/index.php\/wp-json\/wp\/v2\/comments?post=2563"}],"version-history":[{"count":1,"href":"https:\/\/vecinosdelinterior.com\/index.php\/wp-json\/wp\/v2\/posts\/2563\/revisions"}],"predecessor-version":[{"id":2565,"href":"https:\/\/vecinosdelinterior.com\/index.php\/wp-json\/wp\/v2\/posts\/2563\/revisions\/2565"}],"wp:featuredmedia":[{"embeddable":true,"href":"https:\/\/vecinosdelinterior.com\/index.php\/wp-json\/wp\/v2\/media\/2564"}],"wp:attachment":[{"href":"https:\/\/vecinosdelinterior.com\/index.php\/wp-json\/wp\/v2\/media?parent=2563"}],"wp:term":[{"taxonomy":"category","embeddable":true,"href":"https:\/\/vecinosdelinterior.com\/index.php\/wp-json\/wp\/v2\/categories?post=2563"},{"taxonomy":"post_tag","embeddable":true,"href":"https:\/\/vecinosdelinterior.com\/index.php\/wp-json\/wp\/v2\/tags?post=2563"}],"curies":[{"name":"wp","href":"https:\/\/api.w.org\/{rel}","templated":true}]}}