{"id":2566,"date":"2024-10-07T13:11:00","date_gmt":"2024-10-07T16:11:00","guid":{"rendered":"https:\/\/vecinosdelinterior.com\/?p=2566"},"modified":"2024-10-07T14:12:53","modified_gmt":"2024-10-07T17:12:53","slug":"capacitacion-en-el-trapiche-para-la-prevencion-del-dengue","status":"publish","type":"post","link":"https:\/\/vecinosdelinterior.com\/index.php\/2024\/10\/07\/capacitacion-en-el-trapiche-para-la-prevencion-del-dengue\/","title":{"rendered":"Capacitaci\u00f3n en El Trapiche para la prevenci\u00f3n del dengue"},"content":{"rendered":"\n<p>Est\u00e1n pensadas para reforzar las medidas contra la enfermedad. Los participantes recibieron informaci\u00f3n actualizada sobre las distintas etapas del ciclo de vida del mosquito, as\u00ed como las principales estrategias para interrumpir su reproducci\u00f3n.<br>.<br>Se llev\u00f3 a cabo una capacitaci\u00f3n en El Trapiche enfocada en cu\u00e1les son las medidas de prevenci\u00f3n adecuadas para combatir el dengue. Estuvo destinada a agentes municipales, personal de Defensa Civil, bomberos y agentes sanitarios. La actividad formativa estuvo enfocada en proporcionar herramientas para la detecci\u00f3n temprana y la eliminaci\u00f3n de criaderos del mosquito Aedes aegypti, transmisor de la enfermedad.<br>Durante la jornada, los participantes recibieron informaci\u00f3n actualizada sobre las distintas etapas del ciclo de vida del mosquito, as\u00ed como las principales estrategias para interrumpir su reproducci\u00f3n, tales como la correcta eliminaci\u00f3n de recipientes que puedan acumular agua y la promoci\u00f3n de medidas de saneamiento ambiental. Los agentes capacitados tendr\u00e1n un rol clave en la detecci\u00f3n y notificaci\u00f3n de casos sospechosos, as\u00ed como en la difusi\u00f3n de informaci\u00f3n preventiva a la comunidad.<br>El encuentro fue organizado como parte del proyecto provincial de lucha contra el dengue, que involucra a diferentes \u00e1reas del gobierno y busca generar un trabajo articulado entre municipios, organismos de seguridad y personal de salud.<\/p>\n","protected":false},"excerpt":{"rendered":"<p>Est\u00e1n pensadas para reforzar las medidas contra la enfermedad. Los participantes recibieron informaci\u00f3n actualizada sobre las distintas etapas del ciclo de vida del mosquito, as\u00ed como las principales estrategias para interrumpir su reproducci\u00f3n..Se llev\u00f3 a cabo una capacitaci\u00f3n en El Trapiche enfocada en cu\u00e1les son las medidas de prevenci\u00f3n adecuadas para combatir el dengue. Estuvo [&hellip;]<\/p>\n","protected":false},"author":1,"featured_media":2567,"comment_status":"open","ping_status":"open","sticky":false,"template":"","format":"standard","meta":{"footnotes":""},"categories":[99,2],"tags":[439,373],"class_list":["post-2566","post","type-post","status-publish","format-standard","has-post-thumbnail","hentry","category-el-trapiche","category-pringles","tag-capacitaciones","tag-dengue"],"_links":{"self":[{"href":"https:\/\/vecinosdelinterior.com\/index.php\/wp-json\/wp\/v2\/posts\/2566","targetHints":{"allow":["GET"]}}],"collection":[{"href":"https:\/\/vecinosdelinterior.com\/index.php\/wp-json\/wp\/v2\/posts"}],"about":[{"href":"https:\/\/vecinosdelinterior.com\/index.php\/wp-json\/wp\/v2\/types\/post"}],"author":[{"embeddable":true,"href":"https:\/\/vecinosdelinterior.com\/index.php\/wp-json\/wp\/v2\/users\/1"}],"replies":[{"embeddable":true,"href":"https:\/\/vecinosdelinterior.com\/index.php\/wp-json\/wp\/v2\/comments?post=2566"}],"version-history":[{"count":1,"href":"https:\/\/vecinosdelinterior.com\/index.php\/wp-json\/wp\/v2\/posts\/2566\/revisions"}],"predecessor-version":[{"id":2568,"href":"https:\/\/vecinosdelinterior.com\/index.php\/wp-json\/wp\/v2\/posts\/2566\/revisions\/2568"}],"wp:featuredmedia":[{"embeddable":true,"href":"https:\/\/vecinosdelinterior.com\/index.php\/wp-json\/wp\/v2\/media\/2567"}],"wp:attachment":[{"href":"https:\/\/vecinosdelinterior.com\/index.php\/wp-json\/wp\/v2\/media?parent=2566"}],"wp:term":[{"taxonomy":"category","embeddable":true,"href":"https:\/\/vecinosdelinterior.com\/index.php\/wp-json\/wp\/v2\/categories?post=2566"},{"taxonomy":"post_tag","embeddable":true,"href":"https:\/\/vecinosdelinterior.com\/index.php\/wp-json\/wp\/v2\/tags?post=2566"}],"curies":[{"name":"wp","href":"https:\/\/api.w.org\/{rel}","templated":true}]}}