{"id":2575,"date":"2024-10-07T21:57:52","date_gmt":"2024-10-08T00:57:52","guid":{"rendered":"https:\/\/vecinosdelinterior.com\/?p=2575"},"modified":"2024-10-07T21:57:52","modified_gmt":"2024-10-08T00:57:52","slug":"seis-localidades-recolectaron-cacharros-para-eliminar-los-criaderos-del-mosquito","status":"publish","type":"post","link":"https:\/\/vecinosdelinterior.com\/index.php\/2024\/10\/07\/seis-localidades-recolectaron-cacharros-para-eliminar-los-criaderos-del-mosquito\/","title":{"rendered":"Seis localidades recolectaron cacharros para eliminar los criaderos del mosquito"},"content":{"rendered":"\n<p>Las localidades de Naschel, San Pablo, Lafinur, Santa Rita, Los Cajones y Las Palomas trabajaron arduamente dentro del operativo que lleva el Comit\u00e9 de Prevenci\u00f3n del Dengue. La cartera ambiental junto a las intendencias, recuper\u00f3 los cacharros para eliminar los criaderos de mosquitos y contribuir al esfuerzo gubernamental contra el Aedes aegypti.<\/p>\n\n\n\n<figure class=\"wp-block-gallery has-nested-images columns-default is-cropped wp-block-gallery-1 is-layout-flex wp-block-gallery-is-layout-flex\">\n<figure class=\"wp-block-image size-large\"><img fetchpriority=\"high\" decoding=\"async\" width=\"1024\" height=\"683\" data-id=\"2577\" src=\"https:\/\/vecinosdelinterior.com\/wp-content\/uploads\/2024\/10\/WhatsApp-Image-2024-10-03-at-10.33.18-1-1024x683.jpeg\" alt=\"\" class=\"wp-image-2577\" srcset=\"https:\/\/vecinosdelinterior.com\/wp-content\/uploads\/2024\/10\/WhatsApp-Image-2024-10-03-at-10.33.18-1-1024x683.jpeg 1024w, https:\/\/vecinosdelinterior.com\/wp-content\/uploads\/2024\/10\/WhatsApp-Image-2024-10-03-at-10.33.18-1-300x200.jpeg 300w, https:\/\/vecinosdelinterior.com\/wp-content\/uploads\/2024\/10\/WhatsApp-Image-2024-10-03-at-10.33.18-1-768x512.jpeg 768w, https:\/\/vecinosdelinterior.com\/wp-content\/uploads\/2024\/10\/WhatsApp-Image-2024-10-03-at-10.33.18-1-1536x1024.jpeg 1536w, https:\/\/vecinosdelinterior.com\/wp-content\/uploads\/2024\/10\/WhatsApp-Image-2024-10-03-at-10.33.18-1-750x500.jpeg 750w, https:\/\/vecinosdelinterior.com\/wp-content\/uploads\/2024\/10\/WhatsApp-Image-2024-10-03-at-10.33.18-1-1140x760.jpeg 1140w, https:\/\/vecinosdelinterior.com\/wp-content\/uploads\/2024\/10\/WhatsApp-Image-2024-10-03-at-10.33.18-1.jpeg 1600w\" sizes=\"(max-width: 1024px) 100vw, 1024px\" \/><\/figure>\n\n\n\n<figure class=\"wp-block-image size-large\"><img decoding=\"async\" width=\"963\" height=\"642\" data-id=\"2576\" src=\"https:\/\/vecinosdelinterior.com\/wp-content\/uploads\/2024\/10\/WhatsApp-Image-2024-10-01-at-17.48.32.jpeg\" alt=\"\" class=\"wp-image-2576\" srcset=\"https:\/\/vecinosdelinterior.com\/wp-content\/uploads\/2024\/10\/WhatsApp-Image-2024-10-01-at-17.48.32.jpeg 963w, https:\/\/vecinosdelinterior.com\/wp-content\/uploads\/2024\/10\/WhatsApp-Image-2024-10-01-at-17.48.32-300x200.jpeg 300w, https:\/\/vecinosdelinterior.com\/wp-content\/uploads\/2024\/10\/WhatsApp-Image-2024-10-01-at-17.48.32-768x512.jpeg 768w, https:\/\/vecinosdelinterior.com\/wp-content\/uploads\/2024\/10\/WhatsApp-Image-2024-10-01-at-17.48.32-750x500.jpeg 750w\" sizes=\"(max-width: 963px) 100vw, 963px\" \/><\/figure>\n<\/figure>\n\n\n\n<p><br>Las intendentes Valeria Kuhn (Naschel), Silvia de la Serna (San Pablo), Gladys Cornejo (Lafinur) y el director de Gesti\u00f3n Ambiental de Residuos, Anibal Catt\u00e1neo, junto a los equipos locales y provinciales trabajaron para el retiro de cacharros de la localidades en la lucha contra el dengue.<br>La modalidad de trabajo es la siguiente: cada municipio informa a su comunidad un d\u00eda y horario espec\u00edficos, donde sus vecinos pueden sacar a la v\u00eda p\u00fablica los cacharros de sus hogares y la intendencia los recolecta. Esta acci\u00f3n est\u00e1 respaldada por puntos de acopio temporal, disponible en zonas estrat\u00e9gicas para que municipios y tambi\u00e9n los vecinos puedan disponer all\u00ed estos residuos, para luego ser recolectados y trasladados por la cartera ambiental y Vialidad Provincial.<br>Es importante recordar que el descacharrado contempla recipientes que puedan contener agua estancada, como latas, botellas, tambores, fuentones, tanques, macetas, vasijas, ca\u00f1os, tapas, tuppers, recipientes y neum\u00e1ticos. Esto se debe complementar con:<br>\ud83d\udd38La renovaci\u00f3n d\u00eda por medio del agua de los floreros y bebederos de los animales.<br>\ud83d\udd38La colocaci\u00f3n boca abajo de los recipientes que puedan contener agua de lluvia, como baldes, frascos y macetas.<br>\ud83d\udd38Tapar los recipientes utilizados para almacenar agua, como tanques, barriles y toneles.<br>\ud83d\udd38La limpieza de las canaletas y desag\u00fces pluviales de los techos del hogar.<br>\ud83d\udd38La colocaci\u00f3n de mosquiteros o telas met\u00e1licas en las aberturas de las viviendas.<br>\ud83d\udd38La limpieza del patio, tanto de recipientes y objetos en desuso, como el cuidado del pasto y otras plantas.<br>\ud83d\udd38El refuerzo de la limpieza en el hogar.<\/p>\n","protected":false},"excerpt":{"rendered":"<p>Las localidades de Naschel, San Pablo, Lafinur, Santa Rita, Los Cajones y Las Palomas trabajaron arduamente dentro del operativo que lleva el Comit\u00e9 de Prevenci\u00f3n del Dengue. La cartera ambiental junto a las intendencias, recuper\u00f3 los cacharros para eliminar los criaderos de mosquitos y contribuir al esfuerzo gubernamental contra el Aedes aegypti. Las intendentes Valeria [&hellip;]<\/p>\n","protected":false},"author":1,"featured_media":2576,"comment_status":"open","ping_status":"open","sticky":false,"template":"","format":"standard","meta":{"footnotes":""},"categories":[29,91],"tags":[176],"class_list":["post-2575","post","type-post","status-publish","format-standard","has-post-thumbnail","hentry","category-chacabuco","category-naschel","tag-medioambiente"],"_links":{"self":[{"href":"https:\/\/vecinosdelinterior.com\/index.php\/wp-json\/wp\/v2\/posts\/2575","targetHints":{"allow":["GET"]}}],"collection":[{"href":"https:\/\/vecinosdelinterior.com\/index.php\/wp-json\/wp\/v2\/posts"}],"about":[{"href":"https:\/\/vecinosdelinterior.com\/index.php\/wp-json\/wp\/v2\/types\/post"}],"author":[{"embeddable":true,"href":"https:\/\/vecinosdelinterior.com\/index.php\/wp-json\/wp\/v2\/users\/1"}],"replies":[{"embeddable":true,"href":"https:\/\/vecinosdelinterior.com\/index.php\/wp-json\/wp\/v2\/comments?post=2575"}],"version-history":[{"count":1,"href":"https:\/\/vecinosdelinterior.com\/index.php\/wp-json\/wp\/v2\/posts\/2575\/revisions"}],"predecessor-version":[{"id":2578,"href":"https:\/\/vecinosdelinterior.com\/index.php\/wp-json\/wp\/v2\/posts\/2575\/revisions\/2578"}],"wp:featuredmedia":[{"embeddable":true,"href":"https:\/\/vecinosdelinterior.com\/index.php\/wp-json\/wp\/v2\/media\/2576"}],"wp:attachment":[{"href":"https:\/\/vecinosdelinterior.com\/index.php\/wp-json\/wp\/v2\/media?parent=2575"}],"wp:term":[{"taxonomy":"category","embeddable":true,"href":"https:\/\/vecinosdelinterior.com\/index.php\/wp-json\/wp\/v2\/categories?post=2575"},{"taxonomy":"post_tag","embeddable":true,"href":"https:\/\/vecinosdelinterior.com\/index.php\/wp-json\/wp\/v2\/tags?post=2575"}],"curies":[{"name":"wp","href":"https:\/\/api.w.org\/{rel}","templated":true}]}}