{"id":2598,"date":"2024-10-11T16:28:30","date_gmt":"2024-10-11T19:28:30","guid":{"rendered":"https:\/\/vecinosdelinterior.com\/?p=2598"},"modified":"2024-10-11T16:28:30","modified_gmt":"2024-10-11T19:28:30","slug":"concaran-aparecieron-peces-muertos-en-el-rio-conlara","status":"publish","type":"post","link":"https:\/\/vecinosdelinterior.com\/index.php\/2024\/10\/11\/concaran-aparecieron-peces-muertos-en-el-rio-conlara\/","title":{"rendered":"Concar\u00e1n: aparecieron peces muertos en el r\u00edo Conlara"},"content":{"rendered":"\n<p>En los \u00faltimos d\u00edas, vecinos de la localidad de Concar\u00e1n manifestaron su preocupaci\u00f3n, a trav\u00e9s de las redes sociales, por la repentina aparici\u00f3n de peces muertos en el r\u00edo Conlara. Desconocen la raz\u00f3n de la mortandad y algunos tienen miedo de que pueda tratarse de contaminaci\u00f3n, en un lugar de mucha concurrencia de la gente cuando hace calor.<br>En las fotos que circulan puede verse a los peces de agua dulce, de la especie carpa, flotando sobre el agua, alrededor de algas. La aparici\u00f3n de los animales muertos preocupa dado que el r\u00edo es muy frecuentado por personas que van a pescar o por quienes quieren refrescarse los d\u00edas calurosos.<br>Pese a que la causa de dicha mortandad no ha sido determinada, un estudio reciente, publicado este a\u00f1o, advirti\u00f3 en algunas zonas sobre la presencia de pesticidas y algunos metales en valores superiores a los permitidos por los Lineamientos Argentinos de Aguas Superficiales para la Protecci\u00f3n de la Vida Acu\u00e1tica.<\/p>\n\n\n\n<figure class=\"wp-block-gallery has-nested-images columns-default is-cropped wp-block-gallery-1 is-layout-flex wp-block-gallery-is-layout-flex\">\n<figure class=\"wp-block-image size-large\"><img fetchpriority=\"high\" decoding=\"async\" width=\"720\" height=\"901\" data-id=\"2599\" src=\"https:\/\/vecinosdelinterior.com\/wp-content\/uploads\/2024\/10\/FB_IMG_1728649723352.webp\" alt=\"\" class=\"wp-image-2599\" srcset=\"https:\/\/vecinosdelinterior.com\/wp-content\/uploads\/2024\/10\/FB_IMG_1728649723352.webp 720w, https:\/\/vecinosdelinterior.com\/wp-content\/uploads\/2024\/10\/FB_IMG_1728649723352-240x300.webp 240w\" sizes=\"(max-width: 720px) 100vw, 720px\" \/><\/figure>\n\n\n\n<figure class=\"wp-block-image size-large\"><img decoding=\"async\" width=\"720\" height=\"900\" data-id=\"2600\" src=\"https:\/\/vecinosdelinterior.com\/wp-content\/uploads\/2024\/10\/FB_IMG_1728649711825.webp\" alt=\"\" class=\"wp-image-2600\" srcset=\"https:\/\/vecinosdelinterior.com\/wp-content\/uploads\/2024\/10\/FB_IMG_1728649711825.webp 720w, https:\/\/vecinosdelinterior.com\/wp-content\/uploads\/2024\/10\/FB_IMG_1728649711825-240x300.webp 240w\" sizes=\"(max-width: 720px) 100vw, 720px\" \/><\/figure>\n<\/figure>\n\n\n\n<p><br>EDDLR<\/p>\n","protected":false},"excerpt":{"rendered":"<p>En los \u00faltimos d\u00edas, vecinos de la localidad de Concar\u00e1n manifestaron su preocupaci\u00f3n, a trav\u00e9s de las redes sociales, por la repentina aparici\u00f3n de peces muertos en el r\u00edo Conlara. Desconocen la raz\u00f3n de la mortandad y algunos tienen miedo de que pueda tratarse de contaminaci\u00f3n, en un lugar de mucha concurrencia de la gente [&hellip;]<\/p>\n","protected":false},"author":1,"featured_media":2599,"comment_status":"open","ping_status":"open","sticky":false,"template":"","format":"standard","meta":{"footnotes":""},"categories":[29,223],"tags":[176],"class_list":["post-2598","post","type-post","status-publish","format-standard","has-post-thumbnail","hentry","category-chacabuco","category-concaran","tag-medioambiente"],"_links":{"self":[{"href":"https:\/\/vecinosdelinterior.com\/index.php\/wp-json\/wp\/v2\/posts\/2598","targetHints":{"allow":["GET"]}}],"collection":[{"href":"https:\/\/vecinosdelinterior.com\/index.php\/wp-json\/wp\/v2\/posts"}],"about":[{"href":"https:\/\/vecinosdelinterior.com\/index.php\/wp-json\/wp\/v2\/types\/post"}],"author":[{"embeddable":true,"href":"https:\/\/vecinosdelinterior.com\/index.php\/wp-json\/wp\/v2\/users\/1"}],"replies":[{"embeddable":true,"href":"https:\/\/vecinosdelinterior.com\/index.php\/wp-json\/wp\/v2\/comments?post=2598"}],"version-history":[{"count":1,"href":"https:\/\/vecinosdelinterior.com\/index.php\/wp-json\/wp\/v2\/posts\/2598\/revisions"}],"predecessor-version":[{"id":2601,"href":"https:\/\/vecinosdelinterior.com\/index.php\/wp-json\/wp\/v2\/posts\/2598\/revisions\/2601"}],"wp:featuredmedia":[{"embeddable":true,"href":"https:\/\/vecinosdelinterior.com\/index.php\/wp-json\/wp\/v2\/media\/2599"}],"wp:attachment":[{"href":"https:\/\/vecinosdelinterior.com\/index.php\/wp-json\/wp\/v2\/media?parent=2598"}],"wp:term":[{"taxonomy":"category","embeddable":true,"href":"https:\/\/vecinosdelinterior.com\/index.php\/wp-json\/wp\/v2\/categories?post=2598"},{"taxonomy":"post_tag","embeddable":true,"href":"https:\/\/vecinosdelinterior.com\/index.php\/wp-json\/wp\/v2\/tags?post=2598"}],"curies":[{"name":"wp","href":"https:\/\/api.w.org\/{rel}","templated":true}]}}