{"id":2619,"date":"2024-10-13T08:32:00","date_gmt":"2024-10-13T11:32:00","guid":{"rendered":"https:\/\/vecinosdelinterior.com\/?p=2619"},"modified":"2024-10-13T21:33:59","modified_gmt":"2024-10-14T00:33:59","slug":"alumnos-de-san-geronimo-visitaron-la-reserva-floro-faunistica-de-la-florida","status":"publish","type":"post","link":"https:\/\/vecinosdelinterior.com\/index.php\/2024\/10\/13\/alumnos-de-san-geronimo-visitaron-la-reserva-floro-faunistica-de-la-florida\/","title":{"rendered":"Alumnos de San Ger\u00f3nimo visitaron la Reserva Floro Faun\u00edstica de La Florida"},"content":{"rendered":"\n<p>40 estudiantes acompa\u00f1ados de sus docentes y guiados por los guardaparques recorrieron los senderos del \u00c1rea Natural Protegida. Se les brind\u00f3 informaci\u00f3n ambiental junto a la observaci\u00f3n de plantas y animales silvestres.<br>Los chicos de la escuela N\u00b0 441 Capit\u00e1n de Fragata Pedro. E. Giachino, del municipio de San Ger\u00f3nimo, recorrieron la reserva ecol\u00f3gica de La Florida. Para muchos de ellos, fue su primer acercamiento a los animales y las plantas cuidados por los guardaparques y veterinarios de la reserva. Pudieron distinguir algarrobos, caldenes y espinillos, como tambi\u00e9n vizcachas y zorros.<\/p>\n\n\n\n<figure class=\"wp-block-image size-large\"><img fetchpriority=\"high\" decoding=\"async\" width=\"1024\" height=\"683\" src=\"https:\/\/vecinosdelinterior.com\/wp-content\/uploads\/2024\/10\/462848311_403502372800455_5979043837227289245_n-1024x683.jpg\" alt=\"\" class=\"wp-image-2620\" srcset=\"https:\/\/vecinosdelinterior.com\/wp-content\/uploads\/2024\/10\/462848311_403502372800455_5979043837227289245_n-1024x683.jpg 1024w, https:\/\/vecinosdelinterior.com\/wp-content\/uploads\/2024\/10\/462848311_403502372800455_5979043837227289245_n-300x200.jpg 300w, https:\/\/vecinosdelinterior.com\/wp-content\/uploads\/2024\/10\/462848311_403502372800455_5979043837227289245_n-768x512.jpg 768w, https:\/\/vecinosdelinterior.com\/wp-content\/uploads\/2024\/10\/462848311_403502372800455_5979043837227289245_n-750x500.jpg 750w, https:\/\/vecinosdelinterior.com\/wp-content\/uploads\/2024\/10\/462848311_403502372800455_5979043837227289245_n-1140x760.jpg 1140w, https:\/\/vecinosdelinterior.com\/wp-content\/uploads\/2024\/10\/462848311_403502372800455_5979043837227289245_n.jpg 1438w\" sizes=\"(max-width: 1024px) 100vw, 1024px\" \/><\/figure>\n","protected":false},"excerpt":{"rendered":"<p>40 estudiantes acompa\u00f1ados de sus docentes y guiados por los guardaparques recorrieron los senderos del \u00c1rea Natural Protegida. Se les brind\u00f3 informaci\u00f3n ambiental junto a la observaci\u00f3n de plantas y animales silvestres.Los chicos de la escuela N\u00b0 441 Capit\u00e1n de Fragata Pedro. E. Giachino, del municipio de San Ger\u00f3nimo, recorrieron la reserva ecol\u00f3gica de La [&hellip;]<\/p>\n","protected":false},"author":1,"featured_media":2620,"comment_status":"open","ping_status":"open","sticky":false,"template":"","format":"standard","meta":{"footnotes":""},"categories":[1],"tags":[],"class_list":["post-2619","post","type-post","status-publish","format-standard","has-post-thumbnail","hentry","category-blog"],"_links":{"self":[{"href":"https:\/\/vecinosdelinterior.com\/index.php\/wp-json\/wp\/v2\/posts\/2619","targetHints":{"allow":["GET"]}}],"collection":[{"href":"https:\/\/vecinosdelinterior.com\/index.php\/wp-json\/wp\/v2\/posts"}],"about":[{"href":"https:\/\/vecinosdelinterior.com\/index.php\/wp-json\/wp\/v2\/types\/post"}],"author":[{"embeddable":true,"href":"https:\/\/vecinosdelinterior.com\/index.php\/wp-json\/wp\/v2\/users\/1"}],"replies":[{"embeddable":true,"href":"https:\/\/vecinosdelinterior.com\/index.php\/wp-json\/wp\/v2\/comments?post=2619"}],"version-history":[{"count":1,"href":"https:\/\/vecinosdelinterior.com\/index.php\/wp-json\/wp\/v2\/posts\/2619\/revisions"}],"predecessor-version":[{"id":2621,"href":"https:\/\/vecinosdelinterior.com\/index.php\/wp-json\/wp\/v2\/posts\/2619\/revisions\/2621"}],"wp:featuredmedia":[{"embeddable":true,"href":"https:\/\/vecinosdelinterior.com\/index.php\/wp-json\/wp\/v2\/media\/2620"}],"wp:attachment":[{"href":"https:\/\/vecinosdelinterior.com\/index.php\/wp-json\/wp\/v2\/media?parent=2619"}],"wp:term":[{"taxonomy":"category","embeddable":true,"href":"https:\/\/vecinosdelinterior.com\/index.php\/wp-json\/wp\/v2\/categories?post=2619"},{"taxonomy":"post_tag","embeddable":true,"href":"https:\/\/vecinosdelinterior.com\/index.php\/wp-json\/wp\/v2\/tags?post=2619"}],"curies":[{"name":"wp","href":"https:\/\/api.w.org\/{rel}","templated":true}]}}