{"id":2622,"date":"2024-10-12T21:34:00","date_gmt":"2024-10-13T00:34:00","guid":{"rendered":"https:\/\/vecinosdelinterior.com\/?p=2622"},"modified":"2024-10-13T21:35:34","modified_gmt":"2024-10-14T00:35:34","slug":"se-conocieron-las-causas-de-la-mortandad-de-carpas-en-el-rio-conlara","status":"publish","type":"post","link":"https:\/\/vecinosdelinterior.com\/index.php\/2024\/10\/12\/se-conocieron-las-causas-de-la-mortandad-de-carpas-en-el-rio-conlara\/","title":{"rendered":"Se conocieron las causas de la mortandad de carpas en el r\u00edo Conlara"},"content":{"rendered":"\n<p>Las muestras de agua y su an\u00e1lisis posterior resolvieron que la principal causa del suceso ocurrido en la zona cercana a Concar\u00e1n fue por una disminuci\u00f3n de ox\u00edgeno en el agua y presencia de cenizas en ella.<br>Finalizaron los estudios realizados en el r\u00edo Conlara a causa de la mortandad que afect\u00f3 a las carpas en el curso de agua. El equipo del \u00e1rea de Monitoreo, Control y Fiscalizaci\u00f3n Ambiental relev\u00f3 el lugar, midi\u00f3 par\u00e1metros \u2018in situ\u2019 y realiz\u00f3 el muestreo completo del agua y de los ejemplares afectados.<br>Las altas temperaturas por la que atraves\u00f3 la localidad contribuyeron a que se generara una anoxia en las carpas debido a la eutrofizaci\u00f3n del r\u00edo. Esto se confirm\u00f3 a trav\u00e9s de los resultados de los an\u00e1lisis fisicoqu\u00edmicos, que develaron valores de materia org\u00e1nica presente por encima de lo recomendado para el agua superficial.<br>A ello debemos sumarle la presencia de cenizas en el agua y una disminuci\u00f3n del 10% del caudal del r\u00edo, que en los dos tramos cercanos a Concar\u00e1n y Santa Rosa del Conlara fueron definitivos para las carpas.<br>\u201cLas carpas, como otras especies de peces que tenemos en la provincia, son sensibles a los cambios en su ecosistema y requieren m\u00e1s ox\u00edgeno que otras para vivir. De hecho, las mojarritas en el curso de agua estaban vivas. Esto es lo que ha ocurrido en el r\u00edo Conlara. Situaciones similares tuvimos en los diques Potrero de Los Funes y Cruz de Piedra\u201d, se\u00f1al\u00f3 Alex Simioli, responsable de Fiscalizaci\u00f3n Ambiental.<br>Ante presunciones period\u00edsticas sobre posibles vertidos y contaminaci\u00f3n en el r\u00edo, que se repiten cuando ocurren mortandad de peces en cursos de agua o embalses, el funcionario destac\u00f3 el monitoreo peri\u00f3dico que es realizado por organismos del Gobierno provincial. \u201cLa Secretar\u00eda de Ambiente y San Luis Agua, constantemente monitorean la calidad del agua de nuestros r\u00edos. Existe un compromiso ambiental que es transversal en todas las dependencias gubernamentales y por eso siempre, cuando hay una denuncia o reclamo, vamos y realizamos las mediciones correspondientes. Agradecemos a los vecinos que frente a una situaci\u00f3n at\u00edpica r\u00e1pidamente se contactaron con nosotros para aclarar este suceso ocurrido en el r\u00edo Conlara\u201d, concluy\u00f3 Simioli.<\/p>\n","protected":false},"excerpt":{"rendered":"<p>Las muestras de agua y su an\u00e1lisis posterior resolvieron que la principal causa del suceso ocurrido en la zona cercana a Concar\u00e1n fue por una disminuci\u00f3n de ox\u00edgeno en el agua y presencia de cenizas en ella.Finalizaron los estudios realizados en el r\u00edo Conlara a causa de la mortandad que afect\u00f3 a las carpas en [&hellip;]<\/p>\n","protected":false},"author":1,"featured_media":2623,"comment_status":"open","ping_status":"open","sticky":false,"template":"","format":"standard","meta":{"footnotes":""},"categories":[29,223],"tags":[176],"class_list":["post-2622","post","type-post","status-publish","format-standard","has-post-thumbnail","hentry","category-chacabuco","category-concaran","tag-medioambiente"],"_links":{"self":[{"href":"https:\/\/vecinosdelinterior.com\/index.php\/wp-json\/wp\/v2\/posts\/2622","targetHints":{"allow":["GET"]}}],"collection":[{"href":"https:\/\/vecinosdelinterior.com\/index.php\/wp-json\/wp\/v2\/posts"}],"about":[{"href":"https:\/\/vecinosdelinterior.com\/index.php\/wp-json\/wp\/v2\/types\/post"}],"author":[{"embeddable":true,"href":"https:\/\/vecinosdelinterior.com\/index.php\/wp-json\/wp\/v2\/users\/1"}],"replies":[{"embeddable":true,"href":"https:\/\/vecinosdelinterior.com\/index.php\/wp-json\/wp\/v2\/comments?post=2622"}],"version-history":[{"count":1,"href":"https:\/\/vecinosdelinterior.com\/index.php\/wp-json\/wp\/v2\/posts\/2622\/revisions"}],"predecessor-version":[{"id":2624,"href":"https:\/\/vecinosdelinterior.com\/index.php\/wp-json\/wp\/v2\/posts\/2622\/revisions\/2624"}],"wp:featuredmedia":[{"embeddable":true,"href":"https:\/\/vecinosdelinterior.com\/index.php\/wp-json\/wp\/v2\/media\/2623"}],"wp:attachment":[{"href":"https:\/\/vecinosdelinterior.com\/index.php\/wp-json\/wp\/v2\/media?parent=2622"}],"wp:term":[{"taxonomy":"category","embeddable":true,"href":"https:\/\/vecinosdelinterior.com\/index.php\/wp-json\/wp\/v2\/categories?post=2622"},{"taxonomy":"post_tag","embeddable":true,"href":"https:\/\/vecinosdelinterior.com\/index.php\/wp-json\/wp\/v2\/tags?post=2622"}],"curies":[{"name":"wp","href":"https:\/\/api.w.org\/{rel}","templated":true}]}}